{"id":1750,"date":"2022-10-11T13:28:00","date_gmt":"2022-10-11T16:28:00","guid":{"rendered":"http:\/\/concejodeliberantedeazul.gob.ar\/?p=1750"},"modified":"2022-10-11T13:29:27","modified_gmt":"2022-10-11T16:29:27","slug":"continua-trabajando-la-mesa-intersectorial-de-cannabis-medicinal","status":"publish","type":"post","link":"http:\/\/concejodeliberantedeazul.gob.ar\/index.php\/2022\/10\/11\/continua-trabajando-la-mesa-intersectorial-de-cannabis-medicinal\/","title":{"rendered":"Contin\u00faa trabajando la Mesa Intersectorial de Cannabis Medicinal"},"content":{"rendered":"\n<p>Se realiz\u00f3, en el recinto del Concejo Deliberante, una nueva reuni\u00f3n de la Mesa Intersectorial de Cannabis Medicinal de la que participaron las concejalas Pilar \u00c1lvarez, Ver\u00f3nica Crisafulli y Natalia Colom\u00e9. Tambi\u00e9n estuvieron presentes Paula Canevello (integrante de la comisi\u00f3n de Asuntos Legales); Juan David Prado (integrante de la comisi\u00f3n de Cultivo); Sebasti\u00e1n Jaime (INTA) y Mar\u00eda Gabriela Lucero (Colegio de Farmace\u00faticos).<\/p>\n\n\n\n<p>En la oportunidad, los integrantes de la Mesa dialogaron sobre tres actividades puntuales que se desarrollar\u00e1n durante los meses de octubre y noviembre. En principio, el pr\u00f3ximo 28 de octubre se realizar\u00e1 una charla sobre \u201cSistema endocannabinoide. Mecanismos de acci\u00f3n y usos farmacol\u00f3gicos\u201d a cargo de la Dra. Julieta Lisso, en el c\u00edrculo m\u00e9dico.<\/p>\n\n\n\n<p>En tanto, durante el mes de noviembre, con fecha a confirmar, se realizar\u00e1n una capacitaci\u00f3n para Jefes de las Fuerzas de Seguridad, en el Colegio de Magistrados y un taller de cultivo, abierta al p\u00fablico en general.<\/p>\n","protected":false},"excerpt":{"rendered":"<p>Se realiz\u00f3, en el recinto del Concejo Deliberante, una nueva reuni\u00f3n de la Mesa Intersectorial de Cannabis Medicinal de la que participaron las concejalas Pilar \u00c1lvarez, Ver\u00f3nica Crisafulli y Natalia Colom\u00e9. Tambi\u00e9n estuvieron presentes Paula Canevello (integrante de la comisi\u00f3n de Asuntos Legales); Juan David Prado (integrante de la comisi\u00f3n de Cultivo); Sebasti\u00e1n Jaime (INTA) [&hellip;]<\/p>\n","protected":false},"author":2,"featured_media":1752,"comment_status":"open","ping_status":"open","sticky":false,"template":"","format":"standard","meta":{"tdm_status":"","tdm_grid_status":"","footnotes":""},"categories":[7],"tags":[],"class_list":{"0":"post-1750","1":"post","2":"type-post","3":"status-publish","4":"format-standard","5":"has-post-thumbnail","7":"category-noticias"},"yoast_head":"<!-- This site is optimized with the Yoast SEO plugin v27.3 - https:\/\/yoast.com\/product\/yoast-seo-wordpress\/ -->\n<title>Contin\u00faa trabajando la Mesa Intersectorial de Cannabis Medicinal - Concejo deliberante de Azul<\/title>\n<meta name=\"robots\" content=\"index, follow, max-snippet:-1, max-image-preview:large, max-video-preview:-1\" \/>\n<link rel=\"canonical\" href=\"https:\/\/concejodeliberantedeazul.gob.ar\/index.php\/2022\/10\/11\/continua-trabajando-la-mesa-intersectorial-de-cannabis-medicinal\/\" \/>\n<meta property=\"og:locale\" content=\"es_ES\" \/>\n<meta property=\"og:type\" content=\"article\" \/>\n<meta property=\"og:title\" content=\"Contin\u00faa trabajando la Mesa Intersectorial de Cannabis Medicinal - Concejo deliberante de Azul\" \/>\n<meta property=\"og:description\" content=\"Se realiz\u00f3, en el recinto del Concejo Deliberante, una nueva reuni\u00f3n de la Mesa Intersectorial de Cannabis Medicinal de la que participaron las concejalas Pilar \u00c1lvarez, Ver\u00f3nica Crisafulli y Natalia Colom\u00e9. Tambi\u00e9n estuvieron presentes Paula Canevello (integrante de la comisi\u00f3n de Asuntos Legales); Juan David Prado (integrante de la comisi\u00f3n de Cultivo); Sebasti\u00e1n Jaime (INTA) [&hellip;]\" \/>\n<meta property=\"og:url\" content=\"https:\/\/concejodeliberantedeazul.gob.ar\/index.php\/2022\/10\/11\/continua-trabajando-la-mesa-intersectorial-de-cannabis-medicinal\/\" \/>\n<meta property=\"og:site_name\" content=\"Concejo deliberante de Azul\" \/>\n<meta property=\"article:published_time\" content=\"2022-10-11T16:28:00+00:00\" \/>\n<meta property=\"article:modified_time\" content=\"2022-10-11T16:29:27+00:00\" \/>\n<meta property=\"og:image\" content=\"https:\/\/concejodeliberantedeazul.gob.ar\/wp-content\/uploads\/2022\/10\/11-10-2022-Mesa-de-Cannabis-scaled.jpg\" \/>\n\t<meta property=\"og:image:width\" content=\"2560\" \/>\n\t<meta property=\"og:image:height\" content=\"1709\" \/>\n\t<meta property=\"og:image:type\" content=\"image\/jpeg\" \/>\n<meta name=\"author\" content=\"Concejo Deliberante Azul\" \/>\n<meta name=\"twitter:card\" content=\"summary_large_image\" \/>\n<meta name=\"twitter:label1\" content=\"Escrito por\" \/>\n\t<meta name=\"twitter:data1\" content=\"Concejo Deliberante Azul\" \/>\n\t<meta name=\"twitter:label2\" content=\"Tiempo de lectura\" \/>\n\t<meta name=\"twitter:data2\" content=\"1 minuto\" \/>\n<script type=\"application\/ld+json\" class=\"yoast-schema-graph\">{\"@context\":\"https:\\\/\\\/schema.org\",\"@graph\":[{\"@type\":\"Article\",\"@id\":\"https:\\\/\\\/concejodeliberantedeazul.gob.ar\\\/index.php\\\/2022\\\/10\\\/11\\\/continua-trabajando-la-mesa-intersectorial-de-cannabis-medicinal\\\/#article\",\"isPartOf\":{\"@id\":\"https:\\\/\\\/concejodeliberantedeazul.gob.ar\\\/index.php\\\/2022\\\/10\\\/11\\\/continua-trabajando-la-mesa-intersectorial-de-cannabis-medicinal\\\/\"},\"author\":{\"name\":\"Concejo Deliberante Azul\",\"@id\":\"http:\\\/\\\/concejodeliberantedeazul.gob.ar\\\/#\\\/schema\\\/person\\\/65fd6514aee7c29f008fc53b206198fe\"},\"headline\":\"Contin\u00faa trabajando la Mesa Intersectorial de Cannabis Medicinal\",\"datePublished\":\"2022-10-11T16:28:00+00:00\",\"dateModified\":\"2022-10-11T16:29:27+00:00\",\"mainEntityOfPage\":{\"@id\":\"https:\\\/\\\/concejodeliberantedeazul.gob.ar\\\/index.php\\\/2022\\\/10\\\/11\\\/continua-trabajando-la-mesa-intersectorial-de-cannabis-medicinal\\\/\"},\"wordCount\":178,\"commentCount\":0,\"image\":{\"@id\":\"https:\\\/\\\/concejodeliberantedeazul.gob.ar\\\/index.php\\\/2022\\\/10\\\/11\\\/continua-trabajando-la-mesa-intersectorial-de-cannabis-medicinal\\\/#primaryimage\"},\"thumbnailUrl\":\"http:\\\/\\\/concejodeliberantedeazul.gob.ar\\\/wp-content\\\/uploads\\\/2022\\\/10\\\/11-10-2022-Mesa-de-Cannabis-scaled.jpg\",\"articleSection\":[\"Noticias\"],\"inLanguage\":\"es-AR\",\"potentialAction\":[{\"@type\":\"CommentAction\",\"name\":\"Comment\",\"target\":[\"https:\\\/\\\/concejodeliberantedeazul.gob.ar\\\/index.php\\\/2022\\\/10\\\/11\\\/continua-trabajando-la-mesa-intersectorial-de-cannabis-medicinal\\\/#respond\"]}]},{\"@type\":\"WebPage\",\"@id\":\"https:\\\/\\\/concejodeliberantedeazul.gob.ar\\\/index.php\\\/2022\\\/10\\\/11\\\/continua-trabajando-la-mesa-intersectorial-de-cannabis-medicinal\\\/\",\"url\":\"https:\\\/\\\/concejodeliberantedeazul.gob.ar\\\/index.php\\\/2022\\\/10\\\/11\\\/continua-trabajando-la-mesa-intersectorial-de-cannabis-medicinal\\\/\",\"name\":\"Contin\u00faa trabajando la Mesa Intersectorial de Cannabis Medicinal - Concejo deliberante de Azul\",\"isPartOf\":{\"@id\":\"http:\\\/\\\/concejodeliberantedeazul.gob.ar\\\/#website\"},\"primaryImageOfPage\":{\"@id\":\"https:\\\/\\\/concejodeliberantedeazul.gob.ar\\\/index.php\\\/2022\\\/10\\\/11\\\/continua-trabajando-la-mesa-intersectorial-de-cannabis-medicinal\\\/#primaryimage\"},\"image\":{\"@id\":\"https:\\\/\\\/concejodeliberantedeazul.gob.ar\\\/index.php\\\/2022\\\/10\\\/11\\\/continua-trabajando-la-mesa-intersectorial-de-cannabis-medicinal\\\/#primaryimage\"},\"thumbnailUrl\":\"http:\\\/\\\/concejodeliberantedeazul.gob.ar\\\/wp-content\\\/uploads\\\/2022\\\/10\\\/11-10-2022-Mesa-de-Cannabis-scaled.jpg\",\"datePublished\":\"2022-10-11T16:28:00+00:00\",\"dateModified\":\"2022-10-11T16:29:27+00:00\",\"author\":{\"@id\":\"http:\\\/\\\/concejodeliberantedeazul.gob.ar\\\/#\\\/schema\\\/person\\\/65fd6514aee7c29f008fc53b206198fe\"},\"breadcrumb\":{\"@id\":\"https:\\\/\\\/concejodeliberantedeazul.gob.ar\\\/index.php\\\/2022\\\/10\\\/11\\\/continua-trabajando-la-mesa-intersectorial-de-cannabis-medicinal\\\/#breadcrumb\"},\"inLanguage\":\"es-AR\",\"potentialAction\":[{\"@type\":\"ReadAction\",\"target\":[\"https:\\\/\\\/concejodeliberantedeazul.gob.ar\\\/index.php\\\/2022\\\/10\\\/11\\\/continua-trabajando-la-mesa-intersectorial-de-cannabis-medicinal\\\/\"]}]},{\"@type\":\"ImageObject\",\"inLanguage\":\"es-AR\",\"@id\":\"https:\\\/\\\/concejodeliberantedeazul.gob.ar\\\/index.php\\\/2022\\\/10\\\/11\\\/continua-trabajando-la-mesa-intersectorial-de-cannabis-medicinal\\\/#primaryimage\",\"url\":\"http:\\\/\\\/concejodeliberantedeazul.gob.ar\\\/wp-content\\\/uploads\\\/2022\\\/10\\\/11-10-2022-Mesa-de-Cannabis-scaled.jpg\",\"contentUrl\":\"http:\\\/\\\/concejodeliberantedeazul.gob.ar\\\/wp-content\\\/uploads\\\/2022\\\/10\\\/11-10-2022-Mesa-de-Cannabis-scaled.jpg\",\"width\":2560,\"height\":1709},{\"@type\":\"BreadcrumbList\",\"@id\":\"https:\\\/\\\/concejodeliberantedeazul.gob.ar\\\/index.php\\\/2022\\\/10\\\/11\\\/continua-trabajando-la-mesa-intersectorial-de-cannabis-medicinal\\\/#breadcrumb\",\"itemListElement\":[{\"@type\":\"ListItem\",\"position\":1,\"name\":\"Inicio\",\"item\":\"https:\\\/\\\/concejodeliberantedeazul.gob.ar\\\/\"},{\"@type\":\"ListItem\",\"position\":2,\"name\":\"Contin\u00faa trabajando la Mesa Intersectorial de Cannabis Medicinal\"}]},{\"@type\":\"WebSite\",\"@id\":\"http:\\\/\\\/concejodeliberantedeazul.gob.ar\\\/#website\",\"url\":\"http:\\\/\\\/concejodeliberantedeazul.gob.ar\\\/\",\"name\":\"Concejo deliberante de Azul\",\"description\":\"Sitio Web Oficial del Concejo Deliberante de Azul, Prov. de Buenos Aires - Conformado por 18 concejales de todo el partido.\",\"potentialAction\":[{\"@type\":\"SearchAction\",\"target\":{\"@type\":\"EntryPoint\",\"urlTemplate\":\"http:\\\/\\\/concejodeliberantedeazul.gob.ar\\\/?s={search_term_string}\"},\"query-input\":{\"@type\":\"PropertyValueSpecification\",\"valueRequired\":true,\"valueName\":\"search_term_string\"}}],\"inLanguage\":\"es-AR\"},{\"@type\":\"Person\",\"@id\":\"http:\\\/\\\/concejodeliberantedeazul.gob.ar\\\/#\\\/schema\\\/person\\\/65fd6514aee7c29f008fc53b206198fe\",\"name\":\"Concejo Deliberante Azul\",\"image\":{\"@type\":\"ImageObject\",\"inLanguage\":\"es-AR\",\"@id\":\"https:\\\/\\\/secure.gravatar.com\\\/avatar\\\/30d9ae907861b897be87a25469982f0cfbce09947e0998bf7d9d0ecab450fb85?s=96&d=mm&r=g\",\"url\":\"https:\\\/\\\/secure.gravatar.com\\\/avatar\\\/30d9ae907861b897be87a25469982f0cfbce09947e0998bf7d9d0ecab450fb85?s=96&d=mm&r=g\",\"contentUrl\":\"https:\\\/\\\/secure.gravatar.com\\\/avatar\\\/30d9ae907861b897be87a25469982f0cfbce09947e0998bf7d9d0ecab450fb85?s=96&d=mm&r=g\",\"caption\":\"Concejo Deliberante Azul\"},\"url\":\"http:\\\/\\\/concejodeliberantedeazul.gob.ar\\\/index.php\\\/author\\\/concejo\\\/\"}]}<\/script>\n<!-- \/ Yoast SEO plugin. -->","yoast_head_json":{"title":"Contin\u00faa trabajando la Mesa Intersectorial de Cannabis Medicinal - Concejo deliberante de Azul","robots":{"index":"index","follow":"follow","max-snippet":"max-snippet:-1","max-image-preview":"max-image-preview:large","max-video-preview":"max-video-preview:-1"},"canonical":"https:\/\/concejodeliberantedeazul.gob.ar\/index.php\/2022\/10\/11\/continua-trabajando-la-mesa-intersectorial-de-cannabis-medicinal\/","og_locale":"es_ES","og_type":"article","og_title":"Contin\u00faa trabajando la Mesa Intersectorial de Cannabis Medicinal - Concejo deliberante de Azul","og_description":"Se realiz\u00f3, en el recinto del Concejo Deliberante, una nueva reuni\u00f3n de la Mesa Intersectorial de Cannabis Medicinal de la que participaron las concejalas Pilar \u00c1lvarez, Ver\u00f3nica Crisafulli y Natalia Colom\u00e9. Tambi\u00e9n estuvieron presentes Paula Canevello (integrante de la comisi\u00f3n de Asuntos Legales); Juan David Prado (integrante de la comisi\u00f3n de Cultivo); Sebasti\u00e1n Jaime (INTA) [&hellip;]","og_url":"https:\/\/concejodeliberantedeazul.gob.ar\/index.php\/2022\/10\/11\/continua-trabajando-la-mesa-intersectorial-de-cannabis-medicinal\/","og_site_name":"Concejo deliberante de Azul","article_published_time":"2022-10-11T16:28:00+00:00","article_modified_time":"2022-10-11T16:29:27+00:00","og_image":[{"width":2560,"height":1709,"url":"https:\/\/concejodeliberantedeazul.gob.ar\/wp-content\/uploads\/2022\/10\/11-10-2022-Mesa-de-Cannabis-scaled.jpg","type":"image\/jpeg"}],"author":"Concejo Deliberante Azul","twitter_card":"summary_large_image","twitter_misc":{"Escrito por":"Concejo Deliberante Azul","Tiempo de lectura":"1 minuto"},"schema":{"@context":"https:\/\/schema.org","@graph":[{"@type":"Article","@id":"https:\/\/concejodeliberantedeazul.gob.ar\/index.php\/2022\/10\/11\/continua-trabajando-la-mesa-intersectorial-de-cannabis-medicinal\/#article","isPartOf":{"@id":"https:\/\/concejodeliberantedeazul.gob.ar\/index.php\/2022\/10\/11\/continua-trabajando-la-mesa-intersectorial-de-cannabis-medicinal\/"},"author":{"name":"Concejo Deliberante Azul","@id":"http:\/\/concejodeliberantedeazul.gob.ar\/#\/schema\/person\/65fd6514aee7c29f008fc53b206198fe"},"headline":"Contin\u00faa trabajando la Mesa Intersectorial de Cannabis Medicinal","datePublished":"2022-10-11T16:28:00+00:00","dateModified":"2022-10-11T16:29:27+00:00","mainEntityOfPage":{"@id":"https:\/\/concejodeliberantedeazul.gob.ar\/index.php\/2022\/10\/11\/continua-trabajando-la-mesa-intersectorial-de-cannabis-medicinal\/"},"wordCount":178,"commentCount":0,"image":{"@id":"https:\/\/concejodeliberantedeazul.gob.ar\/index.php\/2022\/10\/11\/continua-trabajando-la-mesa-intersectorial-de-cannabis-medicinal\/#primaryimage"},"thumbnailUrl":"http:\/\/concejodeliberantedeazul.gob.ar\/wp-content\/uploads\/2022\/10\/11-10-2022-Mesa-de-Cannabis-scaled.jpg","articleSection":["Noticias"],"inLanguage":"es-AR","potentialAction":[{"@type":"CommentAction","name":"Comment","target":["https:\/\/concejodeliberantedeazul.gob.ar\/index.php\/2022\/10\/11\/continua-trabajando-la-mesa-intersectorial-de-cannabis-medicinal\/#respond"]}]},{"@type":"WebPage","@id":"https:\/\/concejodeliberantedeazul.gob.ar\/index.php\/2022\/10\/11\/continua-trabajando-la-mesa-intersectorial-de-cannabis-medicinal\/","url":"https:\/\/concejodeliberantedeazul.gob.ar\/index.php\/2022\/10\/11\/continua-trabajando-la-mesa-intersectorial-de-cannabis-medicinal\/","name":"Contin\u00faa trabajando la Mesa Intersectorial de Cannabis Medicinal - Concejo deliberante de Azul","isPartOf":{"@id":"http:\/\/concejodeliberantedeazul.gob.ar\/#website"},"primaryImageOfPage":{"@id":"https:\/\/concejodeliberantedeazul.gob.ar\/index.php\/2022\/10\/11\/continua-trabajando-la-mesa-intersectorial-de-cannabis-medicinal\/#primaryimage"},"image":{"@id":"https:\/\/concejodeliberantedeazul.gob.ar\/index.php\/2022\/10\/11\/continua-trabajando-la-mesa-intersectorial-de-cannabis-medicinal\/#primaryimage"},"thumbnailUrl":"http:\/\/concejodeliberantedeazul.gob.ar\/wp-content\/uploads\/2022\/10\/11-10-2022-Mesa-de-Cannabis-scaled.jpg","datePublished":"2022-10-11T16:28:00+00:00","dateModified":"2022-10-11T16:29:27+00:00","author":{"@id":"http:\/\/concejodeliberantedeazul.gob.ar\/#\/schema\/person\/65fd6514aee7c29f008fc53b206198fe"},"breadcrumb":{"@id":"https:\/\/concejodeliberantedeazul.gob.ar\/index.php\/2022\/10\/11\/continua-trabajando-la-mesa-intersectorial-de-cannabis-medicinal\/#breadcrumb"},"inLanguage":"es-AR","potentialAction":[{"@type":"ReadAction","target":["https:\/\/concejodeliberantedeazul.gob.ar\/index.php\/2022\/10\/11\/continua-trabajando-la-mesa-intersectorial-de-cannabis-medicinal\/"]}]},{"@type":"ImageObject","inLanguage":"es-AR","@id":"https:\/\/concejodeliberantedeazul.gob.ar\/index.php\/2022\/10\/11\/continua-trabajando-la-mesa-intersectorial-de-cannabis-medicinal\/#primaryimage","url":"http:\/\/concejodeliberantedeazul.gob.ar\/wp-content\/uploads\/2022\/10\/11-10-2022-Mesa-de-Cannabis-scaled.jpg","contentUrl":"http:\/\/concejodeliberantedeazul.gob.ar\/wp-content\/uploads\/2022\/10\/11-10-2022-Mesa-de-Cannabis-scaled.jpg","width":2560,"height":1709},{"@type":"BreadcrumbList","@id":"https:\/\/concejodeliberantedeazul.gob.ar\/index.php\/2022\/10\/11\/continua-trabajando-la-mesa-intersectorial-de-cannabis-medicinal\/#breadcrumb","itemListElement":[{"@type":"ListItem","position":1,"name":"Inicio","item":"https:\/\/concejodeliberantedeazul.gob.ar\/"},{"@type":"ListItem","position":2,"name":"Contin\u00faa trabajando la Mesa Intersectorial de Cannabis Medicinal"}]},{"@type":"WebSite","@id":"http:\/\/concejodeliberantedeazul.gob.ar\/#website","url":"http:\/\/concejodeliberantedeazul.gob.ar\/","name":"Concejo deliberante de Azul","description":"Sitio Web Oficial del Concejo Deliberante de Azul, Prov. de Buenos Aires - Conformado por 18 concejales de todo el partido.","potentialAction":[{"@type":"SearchAction","target":{"@type":"EntryPoint","urlTemplate":"http:\/\/concejodeliberantedeazul.gob.ar\/?s={search_term_string}"},"query-input":{"@type":"PropertyValueSpecification","valueRequired":true,"valueName":"search_term_string"}}],"inLanguage":"es-AR"},{"@type":"Person","@id":"http:\/\/concejodeliberantedeazul.gob.ar\/#\/schema\/person\/65fd6514aee7c29f008fc53b206198fe","name":"Concejo Deliberante Azul","image":{"@type":"ImageObject","inLanguage":"es-AR","@id":"https:\/\/secure.gravatar.com\/avatar\/30d9ae907861b897be87a25469982f0cfbce09947e0998bf7d9d0ecab450fb85?s=96&d=mm&r=g","url":"https:\/\/secure.gravatar.com\/avatar\/30d9ae907861b897be87a25469982f0cfbce09947e0998bf7d9d0ecab450fb85?s=96&d=mm&r=g","contentUrl":"https:\/\/secure.gravatar.com\/avatar\/30d9ae907861b897be87a25469982f0cfbce09947e0998bf7d9d0ecab450fb85?s=96&d=mm&r=g","caption":"Concejo Deliberante Azul"},"url":"http:\/\/concejodeliberantedeazul.gob.ar\/index.php\/author\/concejo\/"}]}},"amp_enabled":true,"_links":{"self":[{"href":"http:\/\/concejodeliberantedeazul.gob.ar\/index.php\/wp-json\/wp\/v2\/posts\/1750","targetHints":{"allow":["GET"]}}],"collection":[{"href":"http:\/\/concejodeliberantedeazul.gob.ar\/index.php\/wp-json\/wp\/v2\/posts"}],"about":[{"href":"http:\/\/concejodeliberantedeazul.gob.ar\/index.php\/wp-json\/wp\/v2\/types\/post"}],"author":[{"embeddable":true,"href":"http:\/\/concejodeliberantedeazul.gob.ar\/index.php\/wp-json\/wp\/v2\/users\/2"}],"replies":[{"embeddable":true,"href":"http:\/\/concejodeliberantedeazul.gob.ar\/index.php\/wp-json\/wp\/v2\/comments?post=1750"}],"version-history":[{"count":1,"href":"http:\/\/concejodeliberantedeazul.gob.ar\/index.php\/wp-json\/wp\/v2\/posts\/1750\/revisions"}],"predecessor-version":[{"id":1751,"href":"http:\/\/concejodeliberantedeazul.gob.ar\/index.php\/wp-json\/wp\/v2\/posts\/1750\/revisions\/1751"}],"wp:featuredmedia":[{"embeddable":true,"href":"http:\/\/concejodeliberantedeazul.gob.ar\/index.php\/wp-json\/wp\/v2\/media\/1752"}],"wp:attachment":[{"href":"http:\/\/concejodeliberantedeazul.gob.ar\/index.php\/wp-json\/wp\/v2\/media?parent=1750"}],"wp:term":[{"taxonomy":"category","embeddable":true,"href":"http:\/\/concejodeliberantedeazul.gob.ar\/index.php\/wp-json\/wp\/v2\/categories?post=1750"},{"taxonomy":"post_tag","embeddable":true,"href":"http:\/\/concejodeliberantedeazul.gob.ar\/index.php\/wp-json\/wp\/v2\/tags?post=1750"}],"curies":[{"name":"wp","href":"https:\/\/api.w.org\/{rel}","templated":true}]}}