{"id":1731,"date":"2022-10-04T09:55:42","date_gmt":"2022-10-04T12:55:42","guid":{"rendered":"http:\/\/concejodeliberantedeazul.gob.ar\/?p=1731"},"modified":"2022-10-04T09:55:43","modified_gmt":"2022-10-04T12:55:43","slug":"asamblea-de-concejales-y-mayores-contribuyentes-y-decima-quinta-sesion-ordinaria","status":"publish","type":"post","link":"http:\/\/concejodeliberantedeazul.gob.ar\/index.php\/2022\/10\/04\/asamblea-de-concejales-y-mayores-contribuyentes-y-decima-quinta-sesion-ordinaria\/","title":{"rendered":"Asamblea de Concejales y Mayores Contribuyentes y D\u00e9cima Quinta Sesi\u00f3n Ordinaria"},"content":{"rendered":"\n<p>Este martes, a partir de las 17.15, en el recinto del Concejo Deliberante, se realizar\u00e1n la Asamblea de Concejales y Mayores Contribuyentes y la D\u00e9cima Quinta Sesi\u00f3n Ordinaria, ejercicio 2022.<\/p>\n\n\n\n<p>En principio, los concejales abordar\u00e1n en Asamblea, junto a los Mayores Contribuyentes, la Ordenanza Preparatoria referida a autorizar la reprogramaci\u00f3n de las deudas municipales generadas en el marco del \u201cFondo Especial de Emergencia Sanitaria para la Contenci\u00f3n Fiscal Municipal\u201d.<\/p>\n\n\n\n<p>Posteriormente, los Concejales dar\u00e1n inicio a la D\u00e9cimo Quinta Sesi\u00f3n en donde tratar\u00e1n un orden del d\u00eda compuesto por 26 puntos entre los que se destacan expedientes elevados por el Intendente Municipal, despachos de las diferentes comisiones y proyectos de los bloques pol\u00edticos.<\/p>\n\n\n\n<p><strong><u>Asamblea de Concejales y Mayores Contribuyentes:<\/u><\/strong><\/p>\n\n\n\n<p>ORDENANZA PREPARATORIA N\u00ba 4.760\/2022referida&nbsp; a autorizar la reprogramaci\u00f3n de las deudas municipales generadas en el marco del \u201cFondo Especial de Emergencia Sanitaria para la Contenci\u00f3n Fiscal Municipal\u201d.<\/p>\n\n\n\n<p><strong><u>D\u00e9cimo Quinta Sesi\u00f3n Ordinaria:<\/u><\/strong><\/p>\n\n\n\n<ol class=\"wp-block-list\" type=\"1\"><li>Aprobaci\u00f3n del acta correspondiente a la D\u00e9cima Sesi\u00f3n Ordinaria del presente ejercicio.<\/li><li>Lectura de Notas Recibidas.<\/li><\/ol>\n\n\n\n<p><strong>Expedientes elevados por el Intendente Municipal:<\/strong><\/p>\n\n\n\n<ul class=\"wp-block-list\"><li>Elev\u00f3 actuaciones iniciadas por la empresa Air Liquide Argentina S.A., con proyecto de Ordenanza referido a autorizar al Departamento Ejecutivo a registrar como deuda parcial y pagar como gasto de ejercicios anteriores, en favor de dicho proveedor, el importe correspondiente en concepto de suministro de insumos m\u00e9dicos al hospital municipal \u201cDr. Horacio Ferro\u201d de Chillar.<\/li><li>Elev\u00f3 actuaciones iniciadas por la empresa N\u00e9stor Luis Serr\u00f3n y C\u00eda. SRL, con proyecto de Ordenanza referido a autorizar al Departamento Ejecutivo a registrar como deuda parcial y pagar como gasto de ejercicios anteriores, en favor de dicho proveedor, el importe correspondiente en concepto de suministro de insumos m\u00e9dicos al hospital municipal \u201cDr. Horacio Ferro\u201d de Chillar.<\/li><li>Elev\u00f3 actuaciones iniciadas por la Subdirecci\u00f3n Gesti\u00f3n de Patrimonio, con proyecto de Ordenanza referido a autorizar al Departamento Ejecutivo a dar de baja definitiva del patrimonio municipal, y posteriormente proceder a la venta, de bienes rodados totalmente obsoletos de la Direcci\u00f3n de Servicios P\u00fablicos.<\/li><li>Elev\u00f3 actuaciones iniciadas por la Subdirecci\u00f3n Gesti\u00f3n de Patrimonio, con proyecto de Ordenanza referido a autorizar al Departamento Ejecutivo a dar de baja definitiva del patrimonio municipal un bien totalmente obsoleto perteneciente a la mencionada \u00e1rea.<\/li><\/ul>\n\n\n\n<p><strong>Despachos de las diferentes comisiones:<\/strong><\/p>\n\n\n\n<ul class=\"wp-block-list\"><li>Despachos de las comisiones de presupuesto y hacienda y de interpretaci\u00f3n, legislaci\u00f3n y seguridad p\u00fablica aconsejando la aprobaci\u00f3n del proyecto de Ordenanza referido a condonar a \u201cCemento Armado F\u00fatbol Club\u201d la deuda que, en concepto de Tasa por Servicios Urbanos por los per\u00edodos fiscales 2017 a 2021 inclusive, mantiene con este Municipio por inmueble de su propiedad.<\/li><li>Despacho de la comisi\u00f3n de interpretaci\u00f3n, legislaci\u00f3n y seguridad p\u00fablica, con proyecto de Decreto que propone modificaciones al Reglamento Interno del Cuerpo.<\/li><li>Despacho de la comisi\u00f3n de homenajes, con proyecto de Resoluci\u00f3n referido a declarar de Inter\u00e9s Comunitario el ciclo de charlas-taller para emprendedores denominado \u201cCapacitarse para crecer\u201d, a desarrollarse durante los meses de octubre, noviembre y diciembre en la ciudad de Azul.<\/li><li>Despacho de la comisi\u00f3n de presupuesto y hacienda, con proyecto de Resoluci\u00f3n referido a girar las presentes actuaciones al Departamento Ejecutivo para que brinde informaci\u00f3n (INTENDENTE MUNICIPAL. Eleva actuaciones iniciadas por la Subdirecci\u00f3n Gesti\u00f3n de Patrimonio, con proyecto de Ordenanza ref. Autorizar al Departamento Ejecutivo a dar de baja definitiva del patrimonio municipal y posteriormente proceder a la venta de rodado totalmente obsoleto de la Direcci\u00f3n de Vialidad Urbana ubicado en el SIPA I).<\/li><li>Despacho de la comisi\u00f3n de interpretaci\u00f3n, legislaci\u00f3n y seguridad p\u00fablica, con proyecto de Resoluci\u00f3n referido a insistir en los t\u00e9rminos del art\u00edculo 4\u00b0 de la Ordenanza N\u00b0 4.707\/2022, relacionada con regular la concurrencia del Secretario de Jefatura de Gabinete a las sesiones del Concejo para brindar informaci\u00f3n.<\/li><li>Despacho de la comisi\u00f3n de interpretaci\u00f3n, legislaci\u00f3n y seguridad p\u00fablica, con proyecto de Resoluci\u00f3n referido a insistir en los t\u00e9rminos de la Ordenanza N\u00b0 4.697\/2022, relacionada con garantizar el derecho ciudadano de acceso a la informaci\u00f3n p\u00fablica para los vecinos del partido de Azul.<\/li><\/ul>\n\n\n\n<p><strong>Proyectos de los diferentes bloques:<\/strong><\/p>\n\n\n\n<ol class=\"wp-block-list\" type=\"1\"><li>Integrantes del bloque Podemos Azul elevan proyecto de Comunicaci\u00f3n referido a recomendar al Departamento Ejecutivo la actualizaci\u00f3n y modernizaci\u00f3n del inventario de recursos tur\u00edsticos del partido de Azul; y requerir que se instrumente la sistematizaci\u00f3n digital de la informaci\u00f3n relevada.<\/li><li>Bloque Juntos-Gen eleva proyecto de Ordenanza referido a declarar a la semana que comprenda el d\u00eda 26 de septiembre como \u201cSemana de Prevenci\u00f3n del Embarazo Adolescente No Planificado\u201d en el \u00e1mbito del partido de Azul.<\/li><li>Bloque Juntos-Gen eleva proyecto de Comunicaci\u00f3n referido a solicitar al se\u00f1or Intendente Municipal que brinde informe respecto de la cantidad de veh\u00edculos municipales que conforma la flota por la que se requiere combustible mensualmente.<\/li><li>Bloque UCR Evoluci\u00f3n eleva proyecto de Comunicaci\u00f3n referido a solicitar al Departamento Ejecutivo que provea de indumentaria a los trabajadores del programa \u201cLabor Comunitaria\u201d; como asimismo d\u00e9 respuesta a la Comunicaci\u00f3n N\u00b0 2.527\/2022.<\/li><li>Bloque UCR Evoluci\u00f3n eleva proyecto de Comunicaci\u00f3n relacionado con medidas a adoptar para el acondicionamiento de la calle Alvear en el tramo comprendido por avenida Madres de Plaza de Mayo y calle 140.<\/li><li>Bloque Podemos Azul elevan proyecto de Comunicaci\u00f3n referido a encomendar al se\u00f1or Intendente Municipal que se gestionen los recursos necesarios para la construcci\u00f3n de un Polideportivo Municipal cubierto en la ciudad de Azul.<\/li><li>Concejales del partido de Azul elevan proyecto de Resoluci\u00f3n referido a declarar de Inter\u00e9s Comunitario del partido de Azul el Primer Puesto del Premio Internacional de la SNAME obtenido por los estudiantes de la carrera Ingenier\u00eda Naval de la Universidad Tecnol\u00f3gica Nacional, Patricio Duhalde y Enrique Luis Liccardi Sa\u00f1udo, por su proyecto de dise\u00f1o de una lancha patrullera multiprop\u00f3sito.<\/li><li>Bloque Nuevo Azul eleva proyecto de Resoluci\u00f3n referido a declarar de Inter\u00e9s Comunitario del partido de Azul las actividades que realizar\u00e1 la fundaci\u00f3n \u201cEra en Abril\u201d durante el mes de octubre en conmemoraci\u00f3n y concientizaci\u00f3n de las muertes perinatales e infantiles.<\/li><li>Bloque Nuevo Azul eleva proyecto de Resoluci\u00f3n referido a encomendar a la Direcci\u00f3n General de Escuelas de la provincia de Buenos Aires la incorporaci\u00f3n de talleres de Huerta en la educaci\u00f3n primaria.<\/li><li>Bloque UCR Evoluci\u00f3n eleva proyecto de Comunicaci\u00f3n referido a solicitar a las autoridades del ENACOM que informen en relaci\u00f3n a la entrega de tablets en el marco del convenio suscripto en 2019 de acceso a la tecnolog\u00eda para adultos mayores en zonas rurales.<\/li><li>Integrantes del bloque Frente de Todos elevan proyecto de Comunicaci\u00f3n relacionado con los hechos de vandalismo acaecidos en el Cementerio local.<\/li><li>Integrantes del bloque Frente de Todos elevan proyecto de Comunicaci\u00f3n relacionado con la obra de tendido de media tensi\u00f3n de luz y alumbrado p\u00fablico en barrios \u201cChacras de Bruno\u201d y \u201cSOCOA\u201d.<\/li><li>Concejales del partido de Azul elevaron proyecto de Comunicaci\u00f3n referido a solicitar al Departamento Ejecutivo que informe sobre obras ejecutadas y a ejecutar en el presente ejercicio con recursos del Fondo de Financiamiento Educativo.<\/li><li>Concejales del partido de Azul elevaron un proyecto de Resoluci\u00f3n relacionado con el hecho de discriminaci\u00f3n hacia una ni\u00f1a discapacitada ocurrido en un comercio local.<\/li><\/ol>\n","protected":false},"excerpt":{"rendered":"<p>Este martes, a partir de las 17.15, en el recinto del Concejo Deliberante, se realizar\u00e1n la Asamblea de Concejales y Mayores Contribuyentes y la D\u00e9cima Quinta Sesi\u00f3n Ordinaria, ejercicio 2022. En principio, los concejales abordar\u00e1n en Asamblea, junto a los Mayores Contribuyentes, la Ordenanza Preparatoria referida a autorizar la reprogramaci\u00f3n de las deudas municipales generadas [&hellip;]<\/p>\n","protected":false},"author":2,"featured_media":1539,"comment_status":"open","ping_status":"open","sticky":false,"template":"","format":"standard","meta":{"tdm_status":"","tdm_grid_status":"","footnotes":""},"categories":[7],"tags":[],"class_list":{"0":"post-1731","1":"post","2":"type-post","3":"status-publish","4":"format-standard","5":"has-post-thumbnail","7":"category-noticias"},"yoast_head":"<!-- This site is optimized with the Yoast SEO plugin v27.3 - https:\/\/yoast.com\/product\/yoast-seo-wordpress\/ -->\n<title>Asamblea de Concejales y Mayores Contribuyentes y D\u00e9cima Quinta Sesi\u00f3n Ordinaria - Concejo deliberante de Azul<\/title>\n<meta name=\"robots\" content=\"index, follow, max-snippet:-1, max-image-preview:large, max-video-preview:-1\" \/>\n<link rel=\"canonical\" href=\"https:\/\/concejodeliberantedeazul.gob.ar\/index.php\/2022\/10\/04\/asamblea-de-concejales-y-mayores-contribuyentes-y-decima-quinta-sesion-ordinaria\/\" \/>\n<meta property=\"og:locale\" content=\"es_ES\" \/>\n<meta property=\"og:type\" content=\"article\" \/>\n<meta property=\"og:title\" content=\"Asamblea de Concejales y Mayores Contribuyentes y D\u00e9cima Quinta Sesi\u00f3n Ordinaria - Concejo deliberante de Azul\" \/>\n<meta property=\"og:description\" content=\"Este martes, a partir de las 17.15, en el recinto del Concejo Deliberante, se realizar\u00e1n la Asamblea de Concejales y Mayores Contribuyentes y la D\u00e9cima Quinta Sesi\u00f3n Ordinaria, ejercicio 2022. En principio, los concejales abordar\u00e1n en Asamblea, junto a los Mayores Contribuyentes, la Ordenanza Preparatoria referida a autorizar la reprogramaci\u00f3n de las deudas municipales generadas [&hellip;]\" \/>\n<meta property=\"og:url\" content=\"https:\/\/concejodeliberantedeazul.gob.ar\/index.php\/2022\/10\/04\/asamblea-de-concejales-y-mayores-contribuyentes-y-decima-quinta-sesion-ordinaria\/\" \/>\n<meta property=\"og:site_name\" content=\"Concejo deliberante de Azul\" \/>\n<meta property=\"article:published_time\" content=\"2022-10-04T12:55:42+00:00\" \/>\n<meta property=\"article:modified_time\" content=\"2022-10-04T12:55:43+00:00\" \/>\n<meta property=\"og:image\" content=\"https:\/\/concejodeliberantedeazul.gob.ar\/wp-content\/uploads\/2019\/05\/09-12-21-Asuncion-Concejales-foto-Nicolas-Murcia_68-1024x682.jpg\" \/>\n\t<meta property=\"og:image:width\" content=\"1024\" \/>\n\t<meta property=\"og:image:height\" content=\"682\" \/>\n\t<meta property=\"og:image:type\" content=\"image\/jpeg\" \/>\n<meta name=\"author\" content=\"Concejo Deliberante Azul\" \/>\n<meta name=\"twitter:card\" content=\"summary_large_image\" \/>\n<meta name=\"twitter:label1\" content=\"Escrito por\" \/>\n\t<meta name=\"twitter:data1\" content=\"Concejo Deliberante Azul\" \/>\n\t<meta name=\"twitter:label2\" content=\"Tiempo de lectura\" \/>\n\t<meta name=\"twitter:data2\" content=\"6 minutos\" \/>\n<script type=\"application\/ld+json\" class=\"yoast-schema-graph\">{\"@context\":\"https:\\\/\\\/schema.org\",\"@graph\":[{\"@type\":\"Article\",\"@id\":\"https:\\\/\\\/concejodeliberantedeazul.gob.ar\\\/index.php\\\/2022\\\/10\\\/04\\\/asamblea-de-concejales-y-mayores-contribuyentes-y-decima-quinta-sesion-ordinaria\\\/#article\",\"isPartOf\":{\"@id\":\"https:\\\/\\\/concejodeliberantedeazul.gob.ar\\\/index.php\\\/2022\\\/10\\\/04\\\/asamblea-de-concejales-y-mayores-contribuyentes-y-decima-quinta-sesion-ordinaria\\\/\"},\"author\":{\"name\":\"Concejo Deliberante Azul\",\"@id\":\"http:\\\/\\\/concejodeliberantedeazul.gob.ar\\\/#\\\/schema\\\/person\\\/65fd6514aee7c29f008fc53b206198fe\"},\"headline\":\"Asamblea de Concejales y Mayores Contribuyentes y D\u00e9cima Quinta Sesi\u00f3n Ordinaria\",\"datePublished\":\"2022-10-04T12:55:42+00:00\",\"dateModified\":\"2022-10-04T12:55:43+00:00\",\"mainEntityOfPage\":{\"@id\":\"https:\\\/\\\/concejodeliberantedeazul.gob.ar\\\/index.php\\\/2022\\\/10\\\/04\\\/asamblea-de-concejales-y-mayores-contribuyentes-y-decima-quinta-sesion-ordinaria\\\/\"},\"wordCount\":1267,\"commentCount\":0,\"image\":{\"@id\":\"https:\\\/\\\/concejodeliberantedeazul.gob.ar\\\/index.php\\\/2022\\\/10\\\/04\\\/asamblea-de-concejales-y-mayores-contribuyentes-y-decima-quinta-sesion-ordinaria\\\/#primaryimage\"},\"thumbnailUrl\":\"http:\\\/\\\/concejodeliberantedeazul.gob.ar\\\/wp-content\\\/uploads\\\/2019\\\/05\\\/09-12-21-Asuncion-Concejales-foto-Nicolas-Murcia_68.jpg\",\"articleSection\":[\"Noticias\"],\"inLanguage\":\"es-AR\",\"potentialAction\":[{\"@type\":\"CommentAction\",\"name\":\"Comment\",\"target\":[\"https:\\\/\\\/concejodeliberantedeazul.gob.ar\\\/index.php\\\/2022\\\/10\\\/04\\\/asamblea-de-concejales-y-mayores-contribuyentes-y-decima-quinta-sesion-ordinaria\\\/#respond\"]}]},{\"@type\":\"WebPage\",\"@id\":\"https:\\\/\\\/concejodeliberantedeazul.gob.ar\\\/index.php\\\/2022\\\/10\\\/04\\\/asamblea-de-concejales-y-mayores-contribuyentes-y-decima-quinta-sesion-ordinaria\\\/\",\"url\":\"https:\\\/\\\/concejodeliberantedeazul.gob.ar\\\/index.php\\\/2022\\\/10\\\/04\\\/asamblea-de-concejales-y-mayores-contribuyentes-y-decima-quinta-sesion-ordinaria\\\/\",\"name\":\"Asamblea de Concejales y Mayores Contribuyentes y D\u00e9cima Quinta Sesi\u00f3n Ordinaria - Concejo deliberante de Azul\",\"isPartOf\":{\"@id\":\"http:\\\/\\\/concejodeliberantedeazul.gob.ar\\\/#website\"},\"primaryImageOfPage\":{\"@id\":\"https:\\\/\\\/concejodeliberantedeazul.gob.ar\\\/index.php\\\/2022\\\/10\\\/04\\\/asamblea-de-concejales-y-mayores-contribuyentes-y-decima-quinta-sesion-ordinaria\\\/#primaryimage\"},\"image\":{\"@id\":\"https:\\\/\\\/concejodeliberantedeazul.gob.ar\\\/index.php\\\/2022\\\/10\\\/04\\\/asamblea-de-concejales-y-mayores-contribuyentes-y-decima-quinta-sesion-ordinaria\\\/#primaryimage\"},\"thumbnailUrl\":\"http:\\\/\\\/concejodeliberantedeazul.gob.ar\\\/wp-content\\\/uploads\\\/2019\\\/05\\\/09-12-21-Asuncion-Concejales-foto-Nicolas-Murcia_68.jpg\",\"datePublished\":\"2022-10-04T12:55:42+00:00\",\"dateModified\":\"2022-10-04T12:55:43+00:00\",\"author\":{\"@id\":\"http:\\\/\\\/concejodeliberantedeazul.gob.ar\\\/#\\\/schema\\\/person\\\/65fd6514aee7c29f008fc53b206198fe\"},\"breadcrumb\":{\"@id\":\"https:\\\/\\\/concejodeliberantedeazul.gob.ar\\\/index.php\\\/2022\\\/10\\\/04\\\/asamblea-de-concejales-y-mayores-contribuyentes-y-decima-quinta-sesion-ordinaria\\\/#breadcrumb\"},\"inLanguage\":\"es-AR\",\"potentialAction\":[{\"@type\":\"ReadAction\",\"target\":[\"https:\\\/\\\/concejodeliberantedeazul.gob.ar\\\/index.php\\\/2022\\\/10\\\/04\\\/asamblea-de-concejales-y-mayores-contribuyentes-y-decima-quinta-sesion-ordinaria\\\/\"]}]},{\"@type\":\"ImageObject\",\"inLanguage\":\"es-AR\",\"@id\":\"https:\\\/\\\/concejodeliberantedeazul.gob.ar\\\/index.php\\\/2022\\\/10\\\/04\\\/asamblea-de-concejales-y-mayores-contribuyentes-y-decima-quinta-sesion-ordinaria\\\/#primaryimage\",\"url\":\"http:\\\/\\\/concejodeliberantedeazul.gob.ar\\\/wp-content\\\/uploads\\\/2019\\\/05\\\/09-12-21-Asuncion-Concejales-foto-Nicolas-Murcia_68.jpg\",\"contentUrl\":\"http:\\\/\\\/concejodeliberantedeazul.gob.ar\\\/wp-content\\\/uploads\\\/2019\\\/05\\\/09-12-21-Asuncion-Concejales-foto-Nicolas-Murcia_68.jpg\",\"width\":2000,\"height\":1333},{\"@type\":\"BreadcrumbList\",\"@id\":\"https:\\\/\\\/concejodeliberantedeazul.gob.ar\\\/index.php\\\/2022\\\/10\\\/04\\\/asamblea-de-concejales-y-mayores-contribuyentes-y-decima-quinta-sesion-ordinaria\\\/#breadcrumb\",\"itemListElement\":[{\"@type\":\"ListItem\",\"position\":1,\"name\":\"Inicio\",\"item\":\"https:\\\/\\\/concejodeliberantedeazul.gob.ar\\\/\"},{\"@type\":\"ListItem\",\"position\":2,\"name\":\"Asamblea de Concejales y Mayores Contribuyentes y D\u00e9cima Quinta Sesi\u00f3n Ordinaria\"}]},{\"@type\":\"WebSite\",\"@id\":\"http:\\\/\\\/concejodeliberantedeazul.gob.ar\\\/#website\",\"url\":\"http:\\\/\\\/concejodeliberantedeazul.gob.ar\\\/\",\"name\":\"Concejo deliberante de Azul\",\"description\":\"Sitio Web Oficial del Concejo Deliberante de Azul, Prov. de Buenos Aires - Conformado por 18 concejales de todo el partido.\",\"potentialAction\":[{\"@type\":\"SearchAction\",\"target\":{\"@type\":\"EntryPoint\",\"urlTemplate\":\"http:\\\/\\\/concejodeliberantedeazul.gob.ar\\\/?s={search_term_string}\"},\"query-input\":{\"@type\":\"PropertyValueSpecification\",\"valueRequired\":true,\"valueName\":\"search_term_string\"}}],\"inLanguage\":\"es-AR\"},{\"@type\":\"Person\",\"@id\":\"http:\\\/\\\/concejodeliberantedeazul.gob.ar\\\/#\\\/schema\\\/person\\\/65fd6514aee7c29f008fc53b206198fe\",\"name\":\"Concejo Deliberante Azul\",\"image\":{\"@type\":\"ImageObject\",\"inLanguage\":\"es-AR\",\"@id\":\"https:\\\/\\\/secure.gravatar.com\\\/avatar\\\/30d9ae907861b897be87a25469982f0cfbce09947e0998bf7d9d0ecab450fb85?s=96&d=mm&r=g\",\"url\":\"https:\\\/\\\/secure.gravatar.com\\\/avatar\\\/30d9ae907861b897be87a25469982f0cfbce09947e0998bf7d9d0ecab450fb85?s=96&d=mm&r=g\",\"contentUrl\":\"https:\\\/\\\/secure.gravatar.com\\\/avatar\\\/30d9ae907861b897be87a25469982f0cfbce09947e0998bf7d9d0ecab450fb85?s=96&d=mm&r=g\",\"caption\":\"Concejo Deliberante Azul\"},\"url\":\"http:\\\/\\\/concejodeliberantedeazul.gob.ar\\\/index.php\\\/author\\\/concejo\\\/\"}]}<\/script>\n<!-- \/ Yoast SEO plugin. -->","yoast_head_json":{"title":"Asamblea de Concejales y Mayores Contribuyentes y D\u00e9cima Quinta Sesi\u00f3n Ordinaria - Concejo deliberante de Azul","robots":{"index":"index","follow":"follow","max-snippet":"max-snippet:-1","max-image-preview":"max-image-preview:large","max-video-preview":"max-video-preview:-1"},"canonical":"https:\/\/concejodeliberantedeazul.gob.ar\/index.php\/2022\/10\/04\/asamblea-de-concejales-y-mayores-contribuyentes-y-decima-quinta-sesion-ordinaria\/","og_locale":"es_ES","og_type":"article","og_title":"Asamblea de Concejales y Mayores Contribuyentes y D\u00e9cima Quinta Sesi\u00f3n Ordinaria - Concejo deliberante de Azul","og_description":"Este martes, a partir de las 17.15, en el recinto del Concejo Deliberante, se realizar\u00e1n la Asamblea de Concejales y Mayores Contribuyentes y la D\u00e9cima Quinta Sesi\u00f3n Ordinaria, ejercicio 2022. En principio, los concejales abordar\u00e1n en Asamblea, junto a los Mayores Contribuyentes, la Ordenanza Preparatoria referida a autorizar la reprogramaci\u00f3n de las deudas municipales generadas [&hellip;]","og_url":"https:\/\/concejodeliberantedeazul.gob.ar\/index.php\/2022\/10\/04\/asamblea-de-concejales-y-mayores-contribuyentes-y-decima-quinta-sesion-ordinaria\/","og_site_name":"Concejo deliberante de Azul","article_published_time":"2022-10-04T12:55:42+00:00","article_modified_time":"2022-10-04T12:55:43+00:00","og_image":[{"width":1024,"height":682,"url":"https:\/\/concejodeliberantedeazul.gob.ar\/wp-content\/uploads\/2019\/05\/09-12-21-Asuncion-Concejales-foto-Nicolas-Murcia_68-1024x682.jpg","type":"image\/jpeg"}],"author":"Concejo Deliberante Azul","twitter_card":"summary_large_image","twitter_misc":{"Escrito por":"Concejo Deliberante Azul","Tiempo de lectura":"6 minutos"},"schema":{"@context":"https:\/\/schema.org","@graph":[{"@type":"Article","@id":"https:\/\/concejodeliberantedeazul.gob.ar\/index.php\/2022\/10\/04\/asamblea-de-concejales-y-mayores-contribuyentes-y-decima-quinta-sesion-ordinaria\/#article","isPartOf":{"@id":"https:\/\/concejodeliberantedeazul.gob.ar\/index.php\/2022\/10\/04\/asamblea-de-concejales-y-mayores-contribuyentes-y-decima-quinta-sesion-ordinaria\/"},"author":{"name":"Concejo Deliberante Azul","@id":"http:\/\/concejodeliberantedeazul.gob.ar\/#\/schema\/person\/65fd6514aee7c29f008fc53b206198fe"},"headline":"Asamblea de Concejales y Mayores Contribuyentes y D\u00e9cima Quinta Sesi\u00f3n Ordinaria","datePublished":"2022-10-04T12:55:42+00:00","dateModified":"2022-10-04T12:55:43+00:00","mainEntityOfPage":{"@id":"https:\/\/concejodeliberantedeazul.gob.ar\/index.php\/2022\/10\/04\/asamblea-de-concejales-y-mayores-contribuyentes-y-decima-quinta-sesion-ordinaria\/"},"wordCount":1267,"commentCount":0,"image":{"@id":"https:\/\/concejodeliberantedeazul.gob.ar\/index.php\/2022\/10\/04\/asamblea-de-concejales-y-mayores-contribuyentes-y-decima-quinta-sesion-ordinaria\/#primaryimage"},"thumbnailUrl":"http:\/\/concejodeliberantedeazul.gob.ar\/wp-content\/uploads\/2019\/05\/09-12-21-Asuncion-Concejales-foto-Nicolas-Murcia_68.jpg","articleSection":["Noticias"],"inLanguage":"es-AR","potentialAction":[{"@type":"CommentAction","name":"Comment","target":["https:\/\/concejodeliberantedeazul.gob.ar\/index.php\/2022\/10\/04\/asamblea-de-concejales-y-mayores-contribuyentes-y-decima-quinta-sesion-ordinaria\/#respond"]}]},{"@type":"WebPage","@id":"https:\/\/concejodeliberantedeazul.gob.ar\/index.php\/2022\/10\/04\/asamblea-de-concejales-y-mayores-contribuyentes-y-decima-quinta-sesion-ordinaria\/","url":"https:\/\/concejodeliberantedeazul.gob.ar\/index.php\/2022\/10\/04\/asamblea-de-concejales-y-mayores-contribuyentes-y-decima-quinta-sesion-ordinaria\/","name":"Asamblea de Concejales y Mayores Contribuyentes y D\u00e9cima Quinta Sesi\u00f3n Ordinaria - Concejo deliberante de Azul","isPartOf":{"@id":"http:\/\/concejodeliberantedeazul.gob.ar\/#website"},"primaryImageOfPage":{"@id":"https:\/\/concejodeliberantedeazul.gob.ar\/index.php\/2022\/10\/04\/asamblea-de-concejales-y-mayores-contribuyentes-y-decima-quinta-sesion-ordinaria\/#primaryimage"},"image":{"@id":"https:\/\/concejodeliberantedeazul.gob.ar\/index.php\/2022\/10\/04\/asamblea-de-concejales-y-mayores-contribuyentes-y-decima-quinta-sesion-ordinaria\/#primaryimage"},"thumbnailUrl":"http:\/\/concejodeliberantedeazul.gob.ar\/wp-content\/uploads\/2019\/05\/09-12-21-Asuncion-Concejales-foto-Nicolas-Murcia_68.jpg","datePublished":"2022-10-04T12:55:42+00:00","dateModified":"2022-10-04T12:55:43+00:00","author":{"@id":"http:\/\/concejodeliberantedeazul.gob.ar\/#\/schema\/person\/65fd6514aee7c29f008fc53b206198fe"},"breadcrumb":{"@id":"https:\/\/concejodeliberantedeazul.gob.ar\/index.php\/2022\/10\/04\/asamblea-de-concejales-y-mayores-contribuyentes-y-decima-quinta-sesion-ordinaria\/#breadcrumb"},"inLanguage":"es-AR","potentialAction":[{"@type":"ReadAction","target":["https:\/\/concejodeliberantedeazul.gob.ar\/index.php\/2022\/10\/04\/asamblea-de-concejales-y-mayores-contribuyentes-y-decima-quinta-sesion-ordinaria\/"]}]},{"@type":"ImageObject","inLanguage":"es-AR","@id":"https:\/\/concejodeliberantedeazul.gob.ar\/index.php\/2022\/10\/04\/asamblea-de-concejales-y-mayores-contribuyentes-y-decima-quinta-sesion-ordinaria\/#primaryimage","url":"http:\/\/concejodeliberantedeazul.gob.ar\/wp-content\/uploads\/2019\/05\/09-12-21-Asuncion-Concejales-foto-Nicolas-Murcia_68.jpg","contentUrl":"http:\/\/concejodeliberantedeazul.gob.ar\/wp-content\/uploads\/2019\/05\/09-12-21-Asuncion-Concejales-foto-Nicolas-Murcia_68.jpg","width":2000,"height":1333},{"@type":"BreadcrumbList","@id":"https:\/\/concejodeliberantedeazul.gob.ar\/index.php\/2022\/10\/04\/asamblea-de-concejales-y-mayores-contribuyentes-y-decima-quinta-sesion-ordinaria\/#breadcrumb","itemListElement":[{"@type":"ListItem","position":1,"name":"Inicio","item":"https:\/\/concejodeliberantedeazul.gob.ar\/"},{"@type":"ListItem","position":2,"name":"Asamblea de Concejales y Mayores Contribuyentes y D\u00e9cima Quinta Sesi\u00f3n Ordinaria"}]},{"@type":"WebSite","@id":"http:\/\/concejodeliberantedeazul.gob.ar\/#website","url":"http:\/\/concejodeliberantedeazul.gob.ar\/","name":"Concejo deliberante de Azul","description":"Sitio Web Oficial del Concejo Deliberante de Azul, Prov. de Buenos Aires - Conformado por 18 concejales de todo el partido.","potentialAction":[{"@type":"SearchAction","target":{"@type":"EntryPoint","urlTemplate":"http:\/\/concejodeliberantedeazul.gob.ar\/?s={search_term_string}"},"query-input":{"@type":"PropertyValueSpecification","valueRequired":true,"valueName":"search_term_string"}}],"inLanguage":"es-AR"},{"@type":"Person","@id":"http:\/\/concejodeliberantedeazul.gob.ar\/#\/schema\/person\/65fd6514aee7c29f008fc53b206198fe","name":"Concejo Deliberante Azul","image":{"@type":"ImageObject","inLanguage":"es-AR","@id":"https:\/\/secure.gravatar.com\/avatar\/30d9ae907861b897be87a25469982f0cfbce09947e0998bf7d9d0ecab450fb85?s=96&d=mm&r=g","url":"https:\/\/secure.gravatar.com\/avatar\/30d9ae907861b897be87a25469982f0cfbce09947e0998bf7d9d0ecab450fb85?s=96&d=mm&r=g","contentUrl":"https:\/\/secure.gravatar.com\/avatar\/30d9ae907861b897be87a25469982f0cfbce09947e0998bf7d9d0ecab450fb85?s=96&d=mm&r=g","caption":"Concejo Deliberante Azul"},"url":"http:\/\/concejodeliberantedeazul.gob.ar\/index.php\/author\/concejo\/"}]}},"amp_enabled":true,"_links":{"self":[{"href":"http:\/\/concejodeliberantedeazul.gob.ar\/index.php\/wp-json\/wp\/v2\/posts\/1731","targetHints":{"allow":["GET"]}}],"collection":[{"href":"http:\/\/concejodeliberantedeazul.gob.ar\/index.php\/wp-json\/wp\/v2\/posts"}],"about":[{"href":"http:\/\/concejodeliberantedeazul.gob.ar\/index.php\/wp-json\/wp\/v2\/types\/post"}],"author":[{"embeddable":true,"href":"http:\/\/concejodeliberantedeazul.gob.ar\/index.php\/wp-json\/wp\/v2\/users\/2"}],"replies":[{"embeddable":true,"href":"http:\/\/concejodeliberantedeazul.gob.ar\/index.php\/wp-json\/wp\/v2\/comments?post=1731"}],"version-history":[{"count":1,"href":"http:\/\/concejodeliberantedeazul.gob.ar\/index.php\/wp-json\/wp\/v2\/posts\/1731\/revisions"}],"predecessor-version":[{"id":1732,"href":"http:\/\/concejodeliberantedeazul.gob.ar\/index.php\/wp-json\/wp\/v2\/posts\/1731\/revisions\/1732"}],"wp:featuredmedia":[{"embeddable":true,"href":"http:\/\/concejodeliberantedeazul.gob.ar\/index.php\/wp-json\/wp\/v2\/media\/1539"}],"wp:attachment":[{"href":"http:\/\/concejodeliberantedeazul.gob.ar\/index.php\/wp-json\/wp\/v2\/media?parent=1731"}],"wp:term":[{"taxonomy":"category","embeddable":true,"href":"http:\/\/concejodeliberantedeazul.gob.ar\/index.php\/wp-json\/wp\/v2\/categories?post=1731"},{"taxonomy":"post_tag","embeddable":true,"href":"http:\/\/concejodeliberantedeazul.gob.ar\/index.php\/wp-json\/wp\/v2\/tags?post=1731"}],"curies":[{"name":"wp","href":"https:\/\/api.w.org\/{rel}","templated":true}]}}