{"id":1572,"date":"2022-09-29T11:35:39","date_gmt":"2022-09-29T14:35:39","guid":{"rendered":"http:\/\/concejodeliberantedeazul.gob.ar\/?p=1572"},"modified":"2022-09-29T11:35:40","modified_gmt":"2022-09-29T14:35:40","slug":"nueva-reunion-de-la-mesa-de-coordinacion-turistica","status":"publish","type":"post","link":"http:\/\/concejodeliberantedeazul.gob.ar\/index.php\/2022\/09\/29\/nueva-reunion-de-la-mesa-de-coordinacion-turistica\/","title":{"rendered":"Nueva reuni\u00f3n de la Mesa de Coordinaci\u00f3n Tur\u00edstica"},"content":{"rendered":"\n<p>Acorde a lo establecido oportunamente, se llev\u00f3 a cabo la segunda reuni\u00f3n de la Mesa de Coordinaci\u00f3n Tur\u00edstica para la Regulaci\u00f3n de las \u00c1reas Serranas del partido de Azul.<\/p>\n\n\n\n<p>Estuvieron presentes la Presidenta del Concejo Deliberante, Mar\u00eda In\u00e9s Laurini; los concejales Natalia Colom\u00e9, Juan Cacace y Ver\u00f3nica Crisafulli. Representantes de Fabricaciones Militares; INTA, CEDA, AECA, Instituto de Hidrolog\u00eda de Llanuras y Colegio de Profesionales de Turismo de la Provincia de Buenos Aires.<\/p>\n\n\n\n<p>Durante la jornada se dialog\u00f3 sobre el proyecto de Reserva Natural de la Defensa y la necesidad de articular con Parques Nacionales. Adem\u00e1s, del proyecto aprobado por este Cuerpo vinculado con la necesidad de contar con servicio sanitario en el sector de Boca de Sierra teniendo en cuenta la afluencia de p\u00fablico, sobre todo los fines de semana. Tambi\u00e9n, la posible conformaci\u00f3n de grupos denominados \u201cCambio rural\u201d para poder realizar un trabajo articulado de sector tur\u00edstico-productivo.<\/p>\n\n\n\n<p>Por otra parte, se analiz\u00f3 la necesidad de contar con un c\u00f3digo de edificaci\u00f3n propio y de poder ahondar en el trabajo que se viene realizando desde el Departamento Ejecutivo sobre la Ordenanza de Ordenamiento Territorial del partido de Azul (500\/80).<\/p>\n\n\n\n<p>Los integrantes de la Mesa acordaron un nuevo encuentro de trabajo el pr\u00f3ximo 12 de octubre, a las 10.30 horas, en el recinto del Concejo Deliberante.<\/p>\n","protected":false},"excerpt":{"rendered":"<p>Acorde a lo establecido oportunamente, se llev\u00f3 a cabo la segunda reuni\u00f3n de la Mesa de Coordinaci\u00f3n Tur\u00edstica para la Regulaci\u00f3n de las \u00c1reas Serranas del partido de Azul. Estuvieron presentes la Presidenta del Concejo Deliberante, Mar\u00eda In\u00e9s Laurini; los concejales Natalia Colom\u00e9, Juan Cacace y Ver\u00f3nica Crisafulli. Representantes de Fabricaciones Militares; INTA, CEDA, AECA, [&hellip;]<\/p>\n","protected":false},"author":2,"featured_media":1573,"comment_status":"open","ping_status":"open","sticky":false,"template":"","format":"standard","meta":{"tdm_status":"","tdm_grid_status":"","footnotes":""},"categories":[7],"tags":[],"class_list":{"0":"post-1572","1":"post","2":"type-post","3":"status-publish","4":"format-standard","5":"has-post-thumbnail","7":"category-noticias"},"yoast_head":"<!-- This site is optimized with the Yoast SEO plugin v27.3 - https:\/\/yoast.com\/product\/yoast-seo-wordpress\/ -->\n<title>Nueva reuni\u00f3n de la Mesa de Coordinaci\u00f3n Tur\u00edstica - Concejo deliberante de Azul<\/title>\n<meta name=\"robots\" content=\"index, follow, max-snippet:-1, max-image-preview:large, max-video-preview:-1\" \/>\n<link rel=\"canonical\" href=\"http:\/\/concejodeliberantedeazul.gob.ar\/index.php\/2022\/09\/29\/nueva-reunion-de-la-mesa-de-coordinacion-turistica\/\" \/>\n<meta property=\"og:locale\" content=\"es_ES\" \/>\n<meta property=\"og:type\" content=\"article\" \/>\n<meta property=\"og:title\" content=\"Nueva reuni\u00f3n de la Mesa de Coordinaci\u00f3n Tur\u00edstica - Concejo deliberante de Azul\" \/>\n<meta property=\"og:description\" content=\"Acorde a lo establecido oportunamente, se llev\u00f3 a cabo la segunda reuni\u00f3n de la Mesa de Coordinaci\u00f3n Tur\u00edstica para la Regulaci\u00f3n de las \u00c1reas Serranas del partido de Azul. Estuvieron presentes la Presidenta del Concejo Deliberante, Mar\u00eda In\u00e9s Laurini; los concejales Natalia Colom\u00e9, Juan Cacace y Ver\u00f3nica Crisafulli. Representantes de Fabricaciones Militares; INTA, CEDA, AECA, [&hellip;]\" \/>\n<meta property=\"og:url\" content=\"http:\/\/concejodeliberantedeazul.gob.ar\/index.php\/2022\/09\/29\/nueva-reunion-de-la-mesa-de-coordinacion-turistica\/\" \/>\n<meta property=\"og:site_name\" content=\"Concejo deliberante de Azul\" \/>\n<meta property=\"article:published_time\" content=\"2022-09-29T14:35:39+00:00\" \/>\n<meta property=\"article:modified_time\" content=\"2022-09-29T14:35:40+00:00\" \/>\n<meta property=\"og:image\" content=\"http:\/\/concejodeliberantedeazul.gob.ar\/wp-content\/uploads\/2022\/09\/28-09-2022-Mesa-de-Turismo-1-scaled.jpg\" \/>\n\t<meta property=\"og:image:width\" content=\"2560\" \/>\n\t<meta property=\"og:image:height\" content=\"1849\" \/>\n\t<meta property=\"og:image:type\" content=\"image\/jpeg\" \/>\n<meta name=\"author\" content=\"Concejo Deliberante Azul\" \/>\n<meta name=\"twitter:card\" content=\"summary_large_image\" \/>\n<meta name=\"twitter:label1\" content=\"Escrito por\" \/>\n\t<meta name=\"twitter:data1\" content=\"Concejo Deliberante Azul\" \/>\n\t<meta name=\"twitter:label2\" content=\"Tiempo de lectura\" \/>\n\t<meta name=\"twitter:data2\" content=\"1 minuto\" \/>\n<script type=\"application\/ld+json\" class=\"yoast-schema-graph\">{\"@context\":\"https:\\\/\\\/schema.org\",\"@graph\":[{\"@type\":\"Article\",\"@id\":\"http:\\\/\\\/concejodeliberantedeazul.gob.ar\\\/index.php\\\/2022\\\/09\\\/29\\\/nueva-reunion-de-la-mesa-de-coordinacion-turistica\\\/#article\",\"isPartOf\":{\"@id\":\"http:\\\/\\\/concejodeliberantedeazul.gob.ar\\\/index.php\\\/2022\\\/09\\\/29\\\/nueva-reunion-de-la-mesa-de-coordinacion-turistica\\\/\"},\"author\":{\"name\":\"Concejo Deliberante Azul\",\"@id\":\"http:\\\/\\\/concejodeliberantedeazul.gob.ar\\\/#\\\/schema\\\/person\\\/65fd6514aee7c29f008fc53b206198fe\"},\"headline\":\"Nueva reuni\u00f3n de la Mesa de Coordinaci\u00f3n Tur\u00edstica\",\"datePublished\":\"2022-09-29T14:35:39+00:00\",\"dateModified\":\"2022-09-29T14:35:40+00:00\",\"mainEntityOfPage\":{\"@id\":\"http:\\\/\\\/concejodeliberantedeazul.gob.ar\\\/index.php\\\/2022\\\/09\\\/29\\\/nueva-reunion-de-la-mesa-de-coordinacion-turistica\\\/\"},\"wordCount\":239,\"commentCount\":0,\"image\":{\"@id\":\"http:\\\/\\\/concejodeliberantedeazul.gob.ar\\\/index.php\\\/2022\\\/09\\\/29\\\/nueva-reunion-de-la-mesa-de-coordinacion-turistica\\\/#primaryimage\"},\"thumbnailUrl\":\"http:\\\/\\\/concejodeliberantedeazul.gob.ar\\\/wp-content\\\/uploads\\\/2022\\\/09\\\/28-09-2022-Mesa-de-Turismo-1-scaled.jpg\",\"articleSection\":[\"Noticias\"],\"inLanguage\":\"es-AR\",\"potentialAction\":[{\"@type\":\"CommentAction\",\"name\":\"Comment\",\"target\":[\"http:\\\/\\\/concejodeliberantedeazul.gob.ar\\\/index.php\\\/2022\\\/09\\\/29\\\/nueva-reunion-de-la-mesa-de-coordinacion-turistica\\\/#respond\"]}]},{\"@type\":\"WebPage\",\"@id\":\"http:\\\/\\\/concejodeliberantedeazul.gob.ar\\\/index.php\\\/2022\\\/09\\\/29\\\/nueva-reunion-de-la-mesa-de-coordinacion-turistica\\\/\",\"url\":\"http:\\\/\\\/concejodeliberantedeazul.gob.ar\\\/index.php\\\/2022\\\/09\\\/29\\\/nueva-reunion-de-la-mesa-de-coordinacion-turistica\\\/\",\"name\":\"Nueva reuni\u00f3n de la Mesa de Coordinaci\u00f3n Tur\u00edstica - Concejo deliberante de Azul\",\"isPartOf\":{\"@id\":\"http:\\\/\\\/concejodeliberantedeazul.gob.ar\\\/#website\"},\"primaryImageOfPage\":{\"@id\":\"http:\\\/\\\/concejodeliberantedeazul.gob.ar\\\/index.php\\\/2022\\\/09\\\/29\\\/nueva-reunion-de-la-mesa-de-coordinacion-turistica\\\/#primaryimage\"},\"image\":{\"@id\":\"http:\\\/\\\/concejodeliberantedeazul.gob.ar\\\/index.php\\\/2022\\\/09\\\/29\\\/nueva-reunion-de-la-mesa-de-coordinacion-turistica\\\/#primaryimage\"},\"thumbnailUrl\":\"http:\\\/\\\/concejodeliberantedeazul.gob.ar\\\/wp-content\\\/uploads\\\/2022\\\/09\\\/28-09-2022-Mesa-de-Turismo-1-scaled.jpg\",\"datePublished\":\"2022-09-29T14:35:39+00:00\",\"dateModified\":\"2022-09-29T14:35:40+00:00\",\"author\":{\"@id\":\"http:\\\/\\\/concejodeliberantedeazul.gob.ar\\\/#\\\/schema\\\/person\\\/65fd6514aee7c29f008fc53b206198fe\"},\"breadcrumb\":{\"@id\":\"http:\\\/\\\/concejodeliberantedeazul.gob.ar\\\/index.php\\\/2022\\\/09\\\/29\\\/nueva-reunion-de-la-mesa-de-coordinacion-turistica\\\/#breadcrumb\"},\"inLanguage\":\"es-AR\",\"potentialAction\":[{\"@type\":\"ReadAction\",\"target\":[\"http:\\\/\\\/concejodeliberantedeazul.gob.ar\\\/index.php\\\/2022\\\/09\\\/29\\\/nueva-reunion-de-la-mesa-de-coordinacion-turistica\\\/\"]}]},{\"@type\":\"ImageObject\",\"inLanguage\":\"es-AR\",\"@id\":\"http:\\\/\\\/concejodeliberantedeazul.gob.ar\\\/index.php\\\/2022\\\/09\\\/29\\\/nueva-reunion-de-la-mesa-de-coordinacion-turistica\\\/#primaryimage\",\"url\":\"http:\\\/\\\/concejodeliberantedeazul.gob.ar\\\/wp-content\\\/uploads\\\/2022\\\/09\\\/28-09-2022-Mesa-de-Turismo-1-scaled.jpg\",\"contentUrl\":\"http:\\\/\\\/concejodeliberantedeazul.gob.ar\\\/wp-content\\\/uploads\\\/2022\\\/09\\\/28-09-2022-Mesa-de-Turismo-1-scaled.jpg\",\"width\":2560,\"height\":1849},{\"@type\":\"BreadcrumbList\",\"@id\":\"http:\\\/\\\/concejodeliberantedeazul.gob.ar\\\/index.php\\\/2022\\\/09\\\/29\\\/nueva-reunion-de-la-mesa-de-coordinacion-turistica\\\/#breadcrumb\",\"itemListElement\":[{\"@type\":\"ListItem\",\"position\":1,\"name\":\"Inicio\",\"item\":\"https:\\\/\\\/concejodeliberantedeazul.gob.ar\\\/\"},{\"@type\":\"ListItem\",\"position\":2,\"name\":\"Nueva reuni\u00f3n de la Mesa de Coordinaci\u00f3n Tur\u00edstica\"}]},{\"@type\":\"WebSite\",\"@id\":\"http:\\\/\\\/concejodeliberantedeazul.gob.ar\\\/#website\",\"url\":\"http:\\\/\\\/concejodeliberantedeazul.gob.ar\\\/\",\"name\":\"Concejo deliberante de Azul\",\"description\":\"Sitio Web Oficial del Concejo Deliberante de Azul, Prov. de Buenos Aires - Conformado por 18 concejales de todo el partido.\",\"potentialAction\":[{\"@type\":\"SearchAction\",\"target\":{\"@type\":\"EntryPoint\",\"urlTemplate\":\"http:\\\/\\\/concejodeliberantedeazul.gob.ar\\\/?s={search_term_string}\"},\"query-input\":{\"@type\":\"PropertyValueSpecification\",\"valueRequired\":true,\"valueName\":\"search_term_string\"}}],\"inLanguage\":\"es-AR\"},{\"@type\":\"Person\",\"@id\":\"http:\\\/\\\/concejodeliberantedeazul.gob.ar\\\/#\\\/schema\\\/person\\\/65fd6514aee7c29f008fc53b206198fe\",\"name\":\"Concejo Deliberante Azul\",\"image\":{\"@type\":\"ImageObject\",\"inLanguage\":\"es-AR\",\"@id\":\"https:\\\/\\\/secure.gravatar.com\\\/avatar\\\/30d9ae907861b897be87a25469982f0cfbce09947e0998bf7d9d0ecab450fb85?s=96&d=mm&r=g\",\"url\":\"https:\\\/\\\/secure.gravatar.com\\\/avatar\\\/30d9ae907861b897be87a25469982f0cfbce09947e0998bf7d9d0ecab450fb85?s=96&d=mm&r=g\",\"contentUrl\":\"https:\\\/\\\/secure.gravatar.com\\\/avatar\\\/30d9ae907861b897be87a25469982f0cfbce09947e0998bf7d9d0ecab450fb85?s=96&d=mm&r=g\",\"caption\":\"Concejo Deliberante Azul\"},\"url\":\"http:\\\/\\\/concejodeliberantedeazul.gob.ar\\\/index.php\\\/author\\\/concejo\\\/\"}]}<\/script>\n<!-- \/ Yoast SEO plugin. -->","yoast_head_json":{"title":"Nueva reuni\u00f3n de la Mesa de Coordinaci\u00f3n Tur\u00edstica - Concejo deliberante de Azul","robots":{"index":"index","follow":"follow","max-snippet":"max-snippet:-1","max-image-preview":"max-image-preview:large","max-video-preview":"max-video-preview:-1"},"canonical":"http:\/\/concejodeliberantedeazul.gob.ar\/index.php\/2022\/09\/29\/nueva-reunion-de-la-mesa-de-coordinacion-turistica\/","og_locale":"es_ES","og_type":"article","og_title":"Nueva reuni\u00f3n de la Mesa de Coordinaci\u00f3n Tur\u00edstica - Concejo deliberante de Azul","og_description":"Acorde a lo establecido oportunamente, se llev\u00f3 a cabo la segunda reuni\u00f3n de la Mesa de Coordinaci\u00f3n Tur\u00edstica para la Regulaci\u00f3n de las \u00c1reas Serranas del partido de Azul. Estuvieron presentes la Presidenta del Concejo Deliberante, Mar\u00eda In\u00e9s Laurini; los concejales Natalia Colom\u00e9, Juan Cacace y Ver\u00f3nica Crisafulli. Representantes de Fabricaciones Militares; INTA, CEDA, AECA, [&hellip;]","og_url":"http:\/\/concejodeliberantedeazul.gob.ar\/index.php\/2022\/09\/29\/nueva-reunion-de-la-mesa-de-coordinacion-turistica\/","og_site_name":"Concejo deliberante de Azul","article_published_time":"2022-09-29T14:35:39+00:00","article_modified_time":"2022-09-29T14:35:40+00:00","og_image":[{"width":2560,"height":1849,"url":"http:\/\/concejodeliberantedeazul.gob.ar\/wp-content\/uploads\/2022\/09\/28-09-2022-Mesa-de-Turismo-1-scaled.jpg","type":"image\/jpeg"}],"author":"Concejo Deliberante Azul","twitter_card":"summary_large_image","twitter_misc":{"Escrito por":"Concejo Deliberante Azul","Tiempo de lectura":"1 minuto"},"schema":{"@context":"https:\/\/schema.org","@graph":[{"@type":"Article","@id":"http:\/\/concejodeliberantedeazul.gob.ar\/index.php\/2022\/09\/29\/nueva-reunion-de-la-mesa-de-coordinacion-turistica\/#article","isPartOf":{"@id":"http:\/\/concejodeliberantedeazul.gob.ar\/index.php\/2022\/09\/29\/nueva-reunion-de-la-mesa-de-coordinacion-turistica\/"},"author":{"name":"Concejo Deliberante Azul","@id":"http:\/\/concejodeliberantedeazul.gob.ar\/#\/schema\/person\/65fd6514aee7c29f008fc53b206198fe"},"headline":"Nueva reuni\u00f3n de la Mesa de Coordinaci\u00f3n Tur\u00edstica","datePublished":"2022-09-29T14:35:39+00:00","dateModified":"2022-09-29T14:35:40+00:00","mainEntityOfPage":{"@id":"http:\/\/concejodeliberantedeazul.gob.ar\/index.php\/2022\/09\/29\/nueva-reunion-de-la-mesa-de-coordinacion-turistica\/"},"wordCount":239,"commentCount":0,"image":{"@id":"http:\/\/concejodeliberantedeazul.gob.ar\/index.php\/2022\/09\/29\/nueva-reunion-de-la-mesa-de-coordinacion-turistica\/#primaryimage"},"thumbnailUrl":"http:\/\/concejodeliberantedeazul.gob.ar\/wp-content\/uploads\/2022\/09\/28-09-2022-Mesa-de-Turismo-1-scaled.jpg","articleSection":["Noticias"],"inLanguage":"es-AR","potentialAction":[{"@type":"CommentAction","name":"Comment","target":["http:\/\/concejodeliberantedeazul.gob.ar\/index.php\/2022\/09\/29\/nueva-reunion-de-la-mesa-de-coordinacion-turistica\/#respond"]}]},{"@type":"WebPage","@id":"http:\/\/concejodeliberantedeazul.gob.ar\/index.php\/2022\/09\/29\/nueva-reunion-de-la-mesa-de-coordinacion-turistica\/","url":"http:\/\/concejodeliberantedeazul.gob.ar\/index.php\/2022\/09\/29\/nueva-reunion-de-la-mesa-de-coordinacion-turistica\/","name":"Nueva reuni\u00f3n de la Mesa de Coordinaci\u00f3n Tur\u00edstica - Concejo deliberante de Azul","isPartOf":{"@id":"http:\/\/concejodeliberantedeazul.gob.ar\/#website"},"primaryImageOfPage":{"@id":"http:\/\/concejodeliberantedeazul.gob.ar\/index.php\/2022\/09\/29\/nueva-reunion-de-la-mesa-de-coordinacion-turistica\/#primaryimage"},"image":{"@id":"http:\/\/concejodeliberantedeazul.gob.ar\/index.php\/2022\/09\/29\/nueva-reunion-de-la-mesa-de-coordinacion-turistica\/#primaryimage"},"thumbnailUrl":"http:\/\/concejodeliberantedeazul.gob.ar\/wp-content\/uploads\/2022\/09\/28-09-2022-Mesa-de-Turismo-1-scaled.jpg","datePublished":"2022-09-29T14:35:39+00:00","dateModified":"2022-09-29T14:35:40+00:00","author":{"@id":"http:\/\/concejodeliberantedeazul.gob.ar\/#\/schema\/person\/65fd6514aee7c29f008fc53b206198fe"},"breadcrumb":{"@id":"http:\/\/concejodeliberantedeazul.gob.ar\/index.php\/2022\/09\/29\/nueva-reunion-de-la-mesa-de-coordinacion-turistica\/#breadcrumb"},"inLanguage":"es-AR","potentialAction":[{"@type":"ReadAction","target":["http:\/\/concejodeliberantedeazul.gob.ar\/index.php\/2022\/09\/29\/nueva-reunion-de-la-mesa-de-coordinacion-turistica\/"]}]},{"@type":"ImageObject","inLanguage":"es-AR","@id":"http:\/\/concejodeliberantedeazul.gob.ar\/index.php\/2022\/09\/29\/nueva-reunion-de-la-mesa-de-coordinacion-turistica\/#primaryimage","url":"http:\/\/concejodeliberantedeazul.gob.ar\/wp-content\/uploads\/2022\/09\/28-09-2022-Mesa-de-Turismo-1-scaled.jpg","contentUrl":"http:\/\/concejodeliberantedeazul.gob.ar\/wp-content\/uploads\/2022\/09\/28-09-2022-Mesa-de-Turismo-1-scaled.jpg","width":2560,"height":1849},{"@type":"BreadcrumbList","@id":"http:\/\/concejodeliberantedeazul.gob.ar\/index.php\/2022\/09\/29\/nueva-reunion-de-la-mesa-de-coordinacion-turistica\/#breadcrumb","itemListElement":[{"@type":"ListItem","position":1,"name":"Inicio","item":"https:\/\/concejodeliberantedeazul.gob.ar\/"},{"@type":"ListItem","position":2,"name":"Nueva reuni\u00f3n de la Mesa de Coordinaci\u00f3n Tur\u00edstica"}]},{"@type":"WebSite","@id":"http:\/\/concejodeliberantedeazul.gob.ar\/#website","url":"http:\/\/concejodeliberantedeazul.gob.ar\/","name":"Concejo deliberante de Azul","description":"Sitio Web Oficial del Concejo Deliberante de Azul, Prov. de Buenos Aires - Conformado por 18 concejales de todo el partido.","potentialAction":[{"@type":"SearchAction","target":{"@type":"EntryPoint","urlTemplate":"http:\/\/concejodeliberantedeazul.gob.ar\/?s={search_term_string}"},"query-input":{"@type":"PropertyValueSpecification","valueRequired":true,"valueName":"search_term_string"}}],"inLanguage":"es-AR"},{"@type":"Person","@id":"http:\/\/concejodeliberantedeazul.gob.ar\/#\/schema\/person\/65fd6514aee7c29f008fc53b206198fe","name":"Concejo Deliberante Azul","image":{"@type":"ImageObject","inLanguage":"es-AR","@id":"https:\/\/secure.gravatar.com\/avatar\/30d9ae907861b897be87a25469982f0cfbce09947e0998bf7d9d0ecab450fb85?s=96&d=mm&r=g","url":"https:\/\/secure.gravatar.com\/avatar\/30d9ae907861b897be87a25469982f0cfbce09947e0998bf7d9d0ecab450fb85?s=96&d=mm&r=g","contentUrl":"https:\/\/secure.gravatar.com\/avatar\/30d9ae907861b897be87a25469982f0cfbce09947e0998bf7d9d0ecab450fb85?s=96&d=mm&r=g","caption":"Concejo Deliberante Azul"},"url":"http:\/\/concejodeliberantedeazul.gob.ar\/index.php\/author\/concejo\/"}]}},"amp_enabled":true,"_links":{"self":[{"href":"http:\/\/concejodeliberantedeazul.gob.ar\/index.php\/wp-json\/wp\/v2\/posts\/1572","targetHints":{"allow":["GET"]}}],"collection":[{"href":"http:\/\/concejodeliberantedeazul.gob.ar\/index.php\/wp-json\/wp\/v2\/posts"}],"about":[{"href":"http:\/\/concejodeliberantedeazul.gob.ar\/index.php\/wp-json\/wp\/v2\/types\/post"}],"author":[{"embeddable":true,"href":"http:\/\/concejodeliberantedeazul.gob.ar\/index.php\/wp-json\/wp\/v2\/users\/2"}],"replies":[{"embeddable":true,"href":"http:\/\/concejodeliberantedeazul.gob.ar\/index.php\/wp-json\/wp\/v2\/comments?post=1572"}],"version-history":[{"count":1,"href":"http:\/\/concejodeliberantedeazul.gob.ar\/index.php\/wp-json\/wp\/v2\/posts\/1572\/revisions"}],"predecessor-version":[{"id":1574,"href":"http:\/\/concejodeliberantedeazul.gob.ar\/index.php\/wp-json\/wp\/v2\/posts\/1572\/revisions\/1574"}],"wp:featuredmedia":[{"embeddable":true,"href":"http:\/\/concejodeliberantedeazul.gob.ar\/index.php\/wp-json\/wp\/v2\/media\/1573"}],"wp:attachment":[{"href":"http:\/\/concejodeliberantedeazul.gob.ar\/index.php\/wp-json\/wp\/v2\/media?parent=1572"}],"wp:term":[{"taxonomy":"category","embeddable":true,"href":"http:\/\/concejodeliberantedeazul.gob.ar\/index.php\/wp-json\/wp\/v2\/categories?post=1572"},{"taxonomy":"post_tag","embeddable":true,"href":"http:\/\/concejodeliberantedeazul.gob.ar\/index.php\/wp-json\/wp\/v2\/tags?post=1572"}],"curies":[{"name":"wp","href":"https:\/\/api.w.org\/{rel}","templated":true}]}}