{"id":1562,"date":"2022-09-29T11:29:49","date_gmt":"2022-09-29T14:29:49","guid":{"rendered":"http:\/\/concejodeliberantedeazul.gob.ar\/?p=1562"},"modified":"2022-09-29T11:29:51","modified_gmt":"2022-09-29T14:29:51","slug":"nueva-reunion-de-la-comision-de-seguimiento-de-fondo-educativo","status":"publish","type":"post","link":"http:\/\/concejodeliberantedeazul.gob.ar\/index.php\/2022\/09\/29\/nueva-reunion-de-la-comision-de-seguimiento-de-fondo-educativo\/","title":{"rendered":"Nueva reuni\u00f3n de la Comisi\u00f3n de Seguimiento de Fondo Educativo"},"content":{"rendered":"\n<p>Se llev\u00f3 a cabo, en el recinto del Concejo Deliberante, una nueva reuni\u00f3n de la Comisi\u00f3n de Seguimiento de Fondo Educativo de la que participaron la Presidenta del Cuerpo, Mar\u00eda In\u00e9s Laurin; los concejales Gisela Hiriart, Laura Aloisi, Ver\u00f3nica Crisafulli y Juan Cacace; representantes del Consejo Escolar; Jefatura Distrital y SUTEBA.<\/p>\n\n\n\n<p>Durante el encuentro, se dialog\u00f3 sobre las obras de infraestructura escolar pendientes de ejecuci\u00f3n y se revis\u00f3 el Bolet\u00edn Oficial del Departamento Ejecutivo vinculado con obras en ejecuci\u00f3n.<\/p>\n\n\n\n<p>Cabe recordar, que la Comisi\u00f3n, conformada bajo Decreto 890, tiene por objetivo colaborar con la optimizaci\u00f3n de la utilizaci\u00f3n de los recursos p\u00fablicos municipales destinados a la infraestructura de los edificios escolares de gesti\u00f3n p\u00fablica.<\/p>\n","protected":false},"excerpt":{"rendered":"<p>Se llev\u00f3 a cabo, en el recinto del Concejo Deliberante, una nueva reuni\u00f3n de la Comisi\u00f3n de Seguimiento de Fondo Educativo de la que participaron la Presidenta del Cuerpo, Mar\u00eda In\u00e9s Laurin; los concejales Gisela Hiriart, Laura Aloisi, Ver\u00f3nica Crisafulli y Juan Cacace; representantes del Consejo Escolar; Jefatura Distrital y SUTEBA. Durante el encuentro, se [&hellip;]<\/p>\n","protected":false},"author":2,"featured_media":1564,"comment_status":"open","ping_status":"open","sticky":false,"template":"","format":"standard","meta":{"tdm_status":"","tdm_grid_status":"","footnotes":""},"categories":[7],"tags":[],"class_list":{"0":"post-1562","1":"post","2":"type-post","3":"status-publish","4":"format-standard","5":"has-post-thumbnail","7":"category-noticias"},"yoast_head":"<!-- This site is optimized with the Yoast SEO plugin v27.3 - https:\/\/yoast.com\/product\/yoast-seo-wordpress\/ -->\n<title>Nueva reuni\u00f3n de la Comisi\u00f3n de Seguimiento de Fondo Educativo - Concejo deliberante de Azul<\/title>\n<meta name=\"robots\" content=\"index, follow, max-snippet:-1, max-image-preview:large, max-video-preview:-1\" \/>\n<link rel=\"canonical\" href=\"http:\/\/concejodeliberantedeazul.gob.ar\/index.php\/2022\/09\/29\/nueva-reunion-de-la-comision-de-seguimiento-de-fondo-educativo\/\" \/>\n<meta property=\"og:locale\" content=\"es_ES\" \/>\n<meta property=\"og:type\" content=\"article\" \/>\n<meta property=\"og:title\" content=\"Nueva reuni\u00f3n de la Comisi\u00f3n de Seguimiento de Fondo Educativo - Concejo deliberante de Azul\" \/>\n<meta property=\"og:description\" content=\"Se llev\u00f3 a cabo, en el recinto del Concejo Deliberante, una nueva reuni\u00f3n de la Comisi\u00f3n de Seguimiento de Fondo Educativo de la que participaron la Presidenta del Cuerpo, Mar\u00eda In\u00e9s Laurin; los concejales Gisela Hiriart, Laura Aloisi, Ver\u00f3nica Crisafulli y Juan Cacace; representantes del Consejo Escolar; Jefatura Distrital y SUTEBA. Durante el encuentro, se [&hellip;]\" \/>\n<meta property=\"og:url\" content=\"http:\/\/concejodeliberantedeazul.gob.ar\/index.php\/2022\/09\/29\/nueva-reunion-de-la-comision-de-seguimiento-de-fondo-educativo\/\" \/>\n<meta property=\"og:site_name\" content=\"Concejo deliberante de Azul\" \/>\n<meta property=\"article:published_time\" content=\"2022-09-29T14:29:49+00:00\" \/>\n<meta property=\"article:modified_time\" content=\"2022-09-29T14:29:51+00:00\" \/>\n<meta property=\"og:image\" content=\"http:\/\/concejodeliberantedeazul.gob.ar\/wp-content\/uploads\/2022\/09\/26-09-2022-Fondo-Educativo-1-1-scaled.jpg\" \/>\n\t<meta property=\"og:image:width\" content=\"2560\" \/>\n\t<meta property=\"og:image:height\" content=\"1920\" \/>\n\t<meta property=\"og:image:type\" content=\"image\/jpeg\" \/>\n<meta name=\"author\" content=\"Concejo Deliberante Azul\" \/>\n<meta name=\"twitter:card\" content=\"summary_large_image\" \/>\n<meta name=\"twitter:label1\" content=\"Escrito por\" \/>\n\t<meta name=\"twitter:data1\" content=\"Concejo Deliberante Azul\" \/>\n\t<meta name=\"twitter:label2\" content=\"Tiempo de lectura\" \/>\n\t<meta name=\"twitter:data2\" content=\"1 minuto\" \/>\n<script type=\"application\/ld+json\" class=\"yoast-schema-graph\">{\"@context\":\"https:\\\/\\\/schema.org\",\"@graph\":[{\"@type\":\"Article\",\"@id\":\"http:\\\/\\\/concejodeliberantedeazul.gob.ar\\\/index.php\\\/2022\\\/09\\\/29\\\/nueva-reunion-de-la-comision-de-seguimiento-de-fondo-educativo\\\/#article\",\"isPartOf\":{\"@id\":\"http:\\\/\\\/concejodeliberantedeazul.gob.ar\\\/index.php\\\/2022\\\/09\\\/29\\\/nueva-reunion-de-la-comision-de-seguimiento-de-fondo-educativo\\\/\"},\"author\":{\"name\":\"Concejo Deliberante Azul\",\"@id\":\"http:\\\/\\\/concejodeliberantedeazul.gob.ar\\\/#\\\/schema\\\/person\\\/65fd6514aee7c29f008fc53b206198fe\"},\"headline\":\"Nueva reuni\u00f3n de la Comisi\u00f3n de Seguimiento de Fondo Educativo\",\"datePublished\":\"2022-09-29T14:29:49+00:00\",\"dateModified\":\"2022-09-29T14:29:51+00:00\",\"mainEntityOfPage\":{\"@id\":\"http:\\\/\\\/concejodeliberantedeazul.gob.ar\\\/index.php\\\/2022\\\/09\\\/29\\\/nueva-reunion-de-la-comision-de-seguimiento-de-fondo-educativo\\\/\"},\"wordCount\":139,\"commentCount\":0,\"image\":{\"@id\":\"http:\\\/\\\/concejodeliberantedeazul.gob.ar\\\/index.php\\\/2022\\\/09\\\/29\\\/nueva-reunion-de-la-comision-de-seguimiento-de-fondo-educativo\\\/#primaryimage\"},\"thumbnailUrl\":\"http:\\\/\\\/concejodeliberantedeazul.gob.ar\\\/wp-content\\\/uploads\\\/2022\\\/09\\\/26-09-2022-Fondo-Educativo-1-1-scaled.jpg\",\"articleSection\":[\"Noticias\"],\"inLanguage\":\"es-AR\",\"potentialAction\":[{\"@type\":\"CommentAction\",\"name\":\"Comment\",\"target\":[\"http:\\\/\\\/concejodeliberantedeazul.gob.ar\\\/index.php\\\/2022\\\/09\\\/29\\\/nueva-reunion-de-la-comision-de-seguimiento-de-fondo-educativo\\\/#respond\"]}]},{\"@type\":\"WebPage\",\"@id\":\"http:\\\/\\\/concejodeliberantedeazul.gob.ar\\\/index.php\\\/2022\\\/09\\\/29\\\/nueva-reunion-de-la-comision-de-seguimiento-de-fondo-educativo\\\/\",\"url\":\"http:\\\/\\\/concejodeliberantedeazul.gob.ar\\\/index.php\\\/2022\\\/09\\\/29\\\/nueva-reunion-de-la-comision-de-seguimiento-de-fondo-educativo\\\/\",\"name\":\"Nueva reuni\u00f3n de la Comisi\u00f3n de Seguimiento de Fondo Educativo - Concejo deliberante de Azul\",\"isPartOf\":{\"@id\":\"http:\\\/\\\/concejodeliberantedeazul.gob.ar\\\/#website\"},\"primaryImageOfPage\":{\"@id\":\"http:\\\/\\\/concejodeliberantedeazul.gob.ar\\\/index.php\\\/2022\\\/09\\\/29\\\/nueva-reunion-de-la-comision-de-seguimiento-de-fondo-educativo\\\/#primaryimage\"},\"image\":{\"@id\":\"http:\\\/\\\/concejodeliberantedeazul.gob.ar\\\/index.php\\\/2022\\\/09\\\/29\\\/nueva-reunion-de-la-comision-de-seguimiento-de-fondo-educativo\\\/#primaryimage\"},\"thumbnailUrl\":\"http:\\\/\\\/concejodeliberantedeazul.gob.ar\\\/wp-content\\\/uploads\\\/2022\\\/09\\\/26-09-2022-Fondo-Educativo-1-1-scaled.jpg\",\"datePublished\":\"2022-09-29T14:29:49+00:00\",\"dateModified\":\"2022-09-29T14:29:51+00:00\",\"author\":{\"@id\":\"http:\\\/\\\/concejodeliberantedeazul.gob.ar\\\/#\\\/schema\\\/person\\\/65fd6514aee7c29f008fc53b206198fe\"},\"breadcrumb\":{\"@id\":\"http:\\\/\\\/concejodeliberantedeazul.gob.ar\\\/index.php\\\/2022\\\/09\\\/29\\\/nueva-reunion-de-la-comision-de-seguimiento-de-fondo-educativo\\\/#breadcrumb\"},\"inLanguage\":\"es-AR\",\"potentialAction\":[{\"@type\":\"ReadAction\",\"target\":[\"http:\\\/\\\/concejodeliberantedeazul.gob.ar\\\/index.php\\\/2022\\\/09\\\/29\\\/nueva-reunion-de-la-comision-de-seguimiento-de-fondo-educativo\\\/\"]}]},{\"@type\":\"ImageObject\",\"inLanguage\":\"es-AR\",\"@id\":\"http:\\\/\\\/concejodeliberantedeazul.gob.ar\\\/index.php\\\/2022\\\/09\\\/29\\\/nueva-reunion-de-la-comision-de-seguimiento-de-fondo-educativo\\\/#primaryimage\",\"url\":\"http:\\\/\\\/concejodeliberantedeazul.gob.ar\\\/wp-content\\\/uploads\\\/2022\\\/09\\\/26-09-2022-Fondo-Educativo-1-1-scaled.jpg\",\"contentUrl\":\"http:\\\/\\\/concejodeliberantedeazul.gob.ar\\\/wp-content\\\/uploads\\\/2022\\\/09\\\/26-09-2022-Fondo-Educativo-1-1-scaled.jpg\",\"width\":2560,\"height\":1920},{\"@type\":\"BreadcrumbList\",\"@id\":\"http:\\\/\\\/concejodeliberantedeazul.gob.ar\\\/index.php\\\/2022\\\/09\\\/29\\\/nueva-reunion-de-la-comision-de-seguimiento-de-fondo-educativo\\\/#breadcrumb\",\"itemListElement\":[{\"@type\":\"ListItem\",\"position\":1,\"name\":\"Inicio\",\"item\":\"https:\\\/\\\/concejodeliberantedeazul.gob.ar\\\/\"},{\"@type\":\"ListItem\",\"position\":2,\"name\":\"Nueva reuni\u00f3n de la Comisi\u00f3n de Seguimiento de Fondo Educativo\"}]},{\"@type\":\"WebSite\",\"@id\":\"http:\\\/\\\/concejodeliberantedeazul.gob.ar\\\/#website\",\"url\":\"http:\\\/\\\/concejodeliberantedeazul.gob.ar\\\/\",\"name\":\"Concejo deliberante de Azul\",\"description\":\"Sitio Web Oficial del Concejo Deliberante de Azul, Prov. de Buenos Aires - Conformado por 18 concejales de todo el partido.\",\"potentialAction\":[{\"@type\":\"SearchAction\",\"target\":{\"@type\":\"EntryPoint\",\"urlTemplate\":\"http:\\\/\\\/concejodeliberantedeazul.gob.ar\\\/?s={search_term_string}\"},\"query-input\":{\"@type\":\"PropertyValueSpecification\",\"valueRequired\":true,\"valueName\":\"search_term_string\"}}],\"inLanguage\":\"es-AR\"},{\"@type\":\"Person\",\"@id\":\"http:\\\/\\\/concejodeliberantedeazul.gob.ar\\\/#\\\/schema\\\/person\\\/65fd6514aee7c29f008fc53b206198fe\",\"name\":\"Concejo Deliberante Azul\",\"image\":{\"@type\":\"ImageObject\",\"inLanguage\":\"es-AR\",\"@id\":\"https:\\\/\\\/secure.gravatar.com\\\/avatar\\\/30d9ae907861b897be87a25469982f0cfbce09947e0998bf7d9d0ecab450fb85?s=96&d=mm&r=g\",\"url\":\"https:\\\/\\\/secure.gravatar.com\\\/avatar\\\/30d9ae907861b897be87a25469982f0cfbce09947e0998bf7d9d0ecab450fb85?s=96&d=mm&r=g\",\"contentUrl\":\"https:\\\/\\\/secure.gravatar.com\\\/avatar\\\/30d9ae907861b897be87a25469982f0cfbce09947e0998bf7d9d0ecab450fb85?s=96&d=mm&r=g\",\"caption\":\"Concejo Deliberante Azul\"},\"url\":\"http:\\\/\\\/concejodeliberantedeazul.gob.ar\\\/index.php\\\/author\\\/concejo\\\/\"}]}<\/script>\n<!-- \/ Yoast SEO plugin. -->","yoast_head_json":{"title":"Nueva reuni\u00f3n de la Comisi\u00f3n de Seguimiento de Fondo Educativo - Concejo deliberante de Azul","robots":{"index":"index","follow":"follow","max-snippet":"max-snippet:-1","max-image-preview":"max-image-preview:large","max-video-preview":"max-video-preview:-1"},"canonical":"http:\/\/concejodeliberantedeazul.gob.ar\/index.php\/2022\/09\/29\/nueva-reunion-de-la-comision-de-seguimiento-de-fondo-educativo\/","og_locale":"es_ES","og_type":"article","og_title":"Nueva reuni\u00f3n de la Comisi\u00f3n de Seguimiento de Fondo Educativo - Concejo deliberante de Azul","og_description":"Se llev\u00f3 a cabo, en el recinto del Concejo Deliberante, una nueva reuni\u00f3n de la Comisi\u00f3n de Seguimiento de Fondo Educativo de la que participaron la Presidenta del Cuerpo, Mar\u00eda In\u00e9s Laurin; los concejales Gisela Hiriart, Laura Aloisi, Ver\u00f3nica Crisafulli y Juan Cacace; representantes del Consejo Escolar; Jefatura Distrital y SUTEBA. Durante el encuentro, se [&hellip;]","og_url":"http:\/\/concejodeliberantedeazul.gob.ar\/index.php\/2022\/09\/29\/nueva-reunion-de-la-comision-de-seguimiento-de-fondo-educativo\/","og_site_name":"Concejo deliberante de Azul","article_published_time":"2022-09-29T14:29:49+00:00","article_modified_time":"2022-09-29T14:29:51+00:00","og_image":[{"width":2560,"height":1920,"url":"http:\/\/concejodeliberantedeazul.gob.ar\/wp-content\/uploads\/2022\/09\/26-09-2022-Fondo-Educativo-1-1-scaled.jpg","type":"image\/jpeg"}],"author":"Concejo Deliberante Azul","twitter_card":"summary_large_image","twitter_misc":{"Escrito por":"Concejo Deliberante Azul","Tiempo de lectura":"1 minuto"},"schema":{"@context":"https:\/\/schema.org","@graph":[{"@type":"Article","@id":"http:\/\/concejodeliberantedeazul.gob.ar\/index.php\/2022\/09\/29\/nueva-reunion-de-la-comision-de-seguimiento-de-fondo-educativo\/#article","isPartOf":{"@id":"http:\/\/concejodeliberantedeazul.gob.ar\/index.php\/2022\/09\/29\/nueva-reunion-de-la-comision-de-seguimiento-de-fondo-educativo\/"},"author":{"name":"Concejo Deliberante Azul","@id":"http:\/\/concejodeliberantedeazul.gob.ar\/#\/schema\/person\/65fd6514aee7c29f008fc53b206198fe"},"headline":"Nueva reuni\u00f3n de la Comisi\u00f3n de Seguimiento de Fondo Educativo","datePublished":"2022-09-29T14:29:49+00:00","dateModified":"2022-09-29T14:29:51+00:00","mainEntityOfPage":{"@id":"http:\/\/concejodeliberantedeazul.gob.ar\/index.php\/2022\/09\/29\/nueva-reunion-de-la-comision-de-seguimiento-de-fondo-educativo\/"},"wordCount":139,"commentCount":0,"image":{"@id":"http:\/\/concejodeliberantedeazul.gob.ar\/index.php\/2022\/09\/29\/nueva-reunion-de-la-comision-de-seguimiento-de-fondo-educativo\/#primaryimage"},"thumbnailUrl":"http:\/\/concejodeliberantedeazul.gob.ar\/wp-content\/uploads\/2022\/09\/26-09-2022-Fondo-Educativo-1-1-scaled.jpg","articleSection":["Noticias"],"inLanguage":"es-AR","potentialAction":[{"@type":"CommentAction","name":"Comment","target":["http:\/\/concejodeliberantedeazul.gob.ar\/index.php\/2022\/09\/29\/nueva-reunion-de-la-comision-de-seguimiento-de-fondo-educativo\/#respond"]}]},{"@type":"WebPage","@id":"http:\/\/concejodeliberantedeazul.gob.ar\/index.php\/2022\/09\/29\/nueva-reunion-de-la-comision-de-seguimiento-de-fondo-educativo\/","url":"http:\/\/concejodeliberantedeazul.gob.ar\/index.php\/2022\/09\/29\/nueva-reunion-de-la-comision-de-seguimiento-de-fondo-educativo\/","name":"Nueva reuni\u00f3n de la Comisi\u00f3n de Seguimiento de Fondo Educativo - Concejo deliberante de Azul","isPartOf":{"@id":"http:\/\/concejodeliberantedeazul.gob.ar\/#website"},"primaryImageOfPage":{"@id":"http:\/\/concejodeliberantedeazul.gob.ar\/index.php\/2022\/09\/29\/nueva-reunion-de-la-comision-de-seguimiento-de-fondo-educativo\/#primaryimage"},"image":{"@id":"http:\/\/concejodeliberantedeazul.gob.ar\/index.php\/2022\/09\/29\/nueva-reunion-de-la-comision-de-seguimiento-de-fondo-educativo\/#primaryimage"},"thumbnailUrl":"http:\/\/concejodeliberantedeazul.gob.ar\/wp-content\/uploads\/2022\/09\/26-09-2022-Fondo-Educativo-1-1-scaled.jpg","datePublished":"2022-09-29T14:29:49+00:00","dateModified":"2022-09-29T14:29:51+00:00","author":{"@id":"http:\/\/concejodeliberantedeazul.gob.ar\/#\/schema\/person\/65fd6514aee7c29f008fc53b206198fe"},"breadcrumb":{"@id":"http:\/\/concejodeliberantedeazul.gob.ar\/index.php\/2022\/09\/29\/nueva-reunion-de-la-comision-de-seguimiento-de-fondo-educativo\/#breadcrumb"},"inLanguage":"es-AR","potentialAction":[{"@type":"ReadAction","target":["http:\/\/concejodeliberantedeazul.gob.ar\/index.php\/2022\/09\/29\/nueva-reunion-de-la-comision-de-seguimiento-de-fondo-educativo\/"]}]},{"@type":"ImageObject","inLanguage":"es-AR","@id":"http:\/\/concejodeliberantedeazul.gob.ar\/index.php\/2022\/09\/29\/nueva-reunion-de-la-comision-de-seguimiento-de-fondo-educativo\/#primaryimage","url":"http:\/\/concejodeliberantedeazul.gob.ar\/wp-content\/uploads\/2022\/09\/26-09-2022-Fondo-Educativo-1-1-scaled.jpg","contentUrl":"http:\/\/concejodeliberantedeazul.gob.ar\/wp-content\/uploads\/2022\/09\/26-09-2022-Fondo-Educativo-1-1-scaled.jpg","width":2560,"height":1920},{"@type":"BreadcrumbList","@id":"http:\/\/concejodeliberantedeazul.gob.ar\/index.php\/2022\/09\/29\/nueva-reunion-de-la-comision-de-seguimiento-de-fondo-educativo\/#breadcrumb","itemListElement":[{"@type":"ListItem","position":1,"name":"Inicio","item":"https:\/\/concejodeliberantedeazul.gob.ar\/"},{"@type":"ListItem","position":2,"name":"Nueva reuni\u00f3n de la Comisi\u00f3n de Seguimiento de Fondo Educativo"}]},{"@type":"WebSite","@id":"http:\/\/concejodeliberantedeazul.gob.ar\/#website","url":"http:\/\/concejodeliberantedeazul.gob.ar\/","name":"Concejo deliberante de Azul","description":"Sitio Web Oficial del Concejo Deliberante de Azul, Prov. de Buenos Aires - Conformado por 18 concejales de todo el partido.","potentialAction":[{"@type":"SearchAction","target":{"@type":"EntryPoint","urlTemplate":"http:\/\/concejodeliberantedeazul.gob.ar\/?s={search_term_string}"},"query-input":{"@type":"PropertyValueSpecification","valueRequired":true,"valueName":"search_term_string"}}],"inLanguage":"es-AR"},{"@type":"Person","@id":"http:\/\/concejodeliberantedeazul.gob.ar\/#\/schema\/person\/65fd6514aee7c29f008fc53b206198fe","name":"Concejo Deliberante Azul","image":{"@type":"ImageObject","inLanguage":"es-AR","@id":"https:\/\/secure.gravatar.com\/avatar\/30d9ae907861b897be87a25469982f0cfbce09947e0998bf7d9d0ecab450fb85?s=96&d=mm&r=g","url":"https:\/\/secure.gravatar.com\/avatar\/30d9ae907861b897be87a25469982f0cfbce09947e0998bf7d9d0ecab450fb85?s=96&d=mm&r=g","contentUrl":"https:\/\/secure.gravatar.com\/avatar\/30d9ae907861b897be87a25469982f0cfbce09947e0998bf7d9d0ecab450fb85?s=96&d=mm&r=g","caption":"Concejo Deliberante Azul"},"url":"http:\/\/concejodeliberantedeazul.gob.ar\/index.php\/author\/concejo\/"}]}},"amp_enabled":true,"_links":{"self":[{"href":"http:\/\/concejodeliberantedeazul.gob.ar\/index.php\/wp-json\/wp\/v2\/posts\/1562","targetHints":{"allow":["GET"]}}],"collection":[{"href":"http:\/\/concejodeliberantedeazul.gob.ar\/index.php\/wp-json\/wp\/v2\/posts"}],"about":[{"href":"http:\/\/concejodeliberantedeazul.gob.ar\/index.php\/wp-json\/wp\/v2\/types\/post"}],"author":[{"embeddable":true,"href":"http:\/\/concejodeliberantedeazul.gob.ar\/index.php\/wp-json\/wp\/v2\/users\/2"}],"replies":[{"embeddable":true,"href":"http:\/\/concejodeliberantedeazul.gob.ar\/index.php\/wp-json\/wp\/v2\/comments?post=1562"}],"version-history":[{"count":1,"href":"http:\/\/concejodeliberantedeazul.gob.ar\/index.php\/wp-json\/wp\/v2\/posts\/1562\/revisions"}],"predecessor-version":[{"id":1565,"href":"http:\/\/concejodeliberantedeazul.gob.ar\/index.php\/wp-json\/wp\/v2\/posts\/1562\/revisions\/1565"}],"wp:featuredmedia":[{"embeddable":true,"href":"http:\/\/concejodeliberantedeazul.gob.ar\/index.php\/wp-json\/wp\/v2\/media\/1564"}],"wp:attachment":[{"href":"http:\/\/concejodeliberantedeazul.gob.ar\/index.php\/wp-json\/wp\/v2\/media?parent=1562"}],"wp:term":[{"taxonomy":"category","embeddable":true,"href":"http:\/\/concejodeliberantedeazul.gob.ar\/index.php\/wp-json\/wp\/v2\/categories?post=1562"},{"taxonomy":"post_tag","embeddable":true,"href":"http:\/\/concejodeliberantedeazul.gob.ar\/index.php\/wp-json\/wp\/v2\/tags?post=1562"}],"curies":[{"name":"wp","href":"https:\/\/api.w.org\/{rel}","templated":true}]}}