{"id":1556,"date":"2022-09-29T11:26:39","date_gmt":"2022-09-29T14:26:39","guid":{"rendered":"http:\/\/concejodeliberantedeazul.gob.ar\/?p=1556"},"modified":"2022-09-29T11:26:40","modified_gmt":"2022-09-29T14:26:40","slug":"autoridades-y-concejales-recibieron-al-docente-y-escritor-jorge-meza","status":"publish","type":"post","link":"http:\/\/concejodeliberantedeazul.gob.ar\/index.php\/2022\/09\/29\/autoridades-y-concejales-recibieron-al-docente-y-escritor-jorge-meza\/","title":{"rendered":"Autoridades y concejales recibieron al docente y escritor Jorge Meza"},"content":{"rendered":"\n<p>El encuentro se realiz\u00f3 en el recinto del Concejo Deliberante y cont\u00f3 con la presencia de la Presidenta del Cuerpo, Mar\u00eda In\u00e9s Laurini y los concejales Cecilia Mart\u00ednez, Cristina \u00c1lvarez, Ver\u00f3nica Crisafulli, Joaqu\u00edn Propato, Natalia Colom\u00e9, Silvio Santill\u00e1n y Pilar \u00c1lvarez.<\/p>\n\n\n\n<p>Durante la reuni\u00f3n, Jorge Meza brind\u00f3 detalles del libro que presentar\u00e1 en el mes de octubre denominado \u201cHeridas del Porvenir\u201d que consiste en un trabajo de investigaci\u00f3n vinculado con el secuestro, detenci\u00f3n y desaparici\u00f3n de azule\u00f1os durante la \u00faltima dictadura militar.<\/p>\n\n\n\n<p>Meza explic\u00f3 que el lector encontrar\u00e1 en el libro datos documentales, testimonios de familiares directos, causas judiciales con sentencia efectiva y otras en proceso, cartas personales, fuentes period\u00edsticas, entre otros.<\/p>\n\n\n\n<p>Adem\u00e1s, el escritor azule\u00f1o se\u00f1al\u00f3 que el trabajo realizado es una semilla m\u00e1s para sembrar el largo camino en la b\u00fasqueda de la verdad hist\u00f3rica y que tiene por objetivo aportar al conocimiento y reconocimiento de nuestro pasado reciente.<\/p>\n\n\n\n<p>Cabe destacar, que el pr\u00f3logo de la obra fue realizado por Adolfo P\u00e9rez Esquivel (Premio Nobel de la Paz) quien destac\u00f3 que \u201cHeridas del Porvenir hace caminar la palabra, recorre caminos, busca se\u00f1ales de vida de aquellos que no est\u00e1n f\u00edsicamente, pero permanecen en la memoria del pueblo\u2026\u201d.<\/p>\n","protected":false},"excerpt":{"rendered":"<p>El encuentro se realiz\u00f3 en el recinto del Concejo Deliberante y cont\u00f3 con la presencia de la Presidenta del Cuerpo, Mar\u00eda In\u00e9s Laurini y los concejales Cecilia Mart\u00ednez, Cristina \u00c1lvarez, Ver\u00f3nica Crisafulli, Joaqu\u00edn Propato, Natalia Colom\u00e9, Silvio Santill\u00e1n y Pilar \u00c1lvarez. Durante la reuni\u00f3n, Jorge Meza brind\u00f3 detalles del libro que presentar\u00e1 en el mes [&hellip;]<\/p>\n","protected":false},"author":2,"featured_media":1557,"comment_status":"open","ping_status":"open","sticky":false,"template":"","format":"standard","meta":{"tdm_status":"","tdm_grid_status":"","footnotes":""},"categories":[7],"tags":[],"class_list":{"0":"post-1556","1":"post","2":"type-post","3":"status-publish","4":"format-standard","5":"has-post-thumbnail","7":"category-noticias"},"yoast_head":"<!-- This site is optimized with the Yoast SEO plugin v27.3 - https:\/\/yoast.com\/product\/yoast-seo-wordpress\/ -->\n<title>Autoridades y concejales recibieron al docente y escritor Jorge Meza - Concejo deliberante de Azul<\/title>\n<meta name=\"robots\" content=\"index, follow, max-snippet:-1, max-image-preview:large, max-video-preview:-1\" \/>\n<link rel=\"canonical\" href=\"http:\/\/concejodeliberantedeazul.gob.ar\/index.php\/2022\/09\/29\/autoridades-y-concejales-recibieron-al-docente-y-escritor-jorge-meza\/\" \/>\n<meta property=\"og:locale\" content=\"es_ES\" \/>\n<meta property=\"og:type\" content=\"article\" \/>\n<meta property=\"og:title\" content=\"Autoridades y concejales recibieron al docente y escritor Jorge Meza - Concejo deliberante de Azul\" \/>\n<meta property=\"og:description\" content=\"El encuentro se realiz\u00f3 en el recinto del Concejo Deliberante y cont\u00f3 con la presencia de la Presidenta del Cuerpo, Mar\u00eda In\u00e9s Laurini y los concejales Cecilia Mart\u00ednez, Cristina \u00c1lvarez, Ver\u00f3nica Crisafulli, Joaqu\u00edn Propato, Natalia Colom\u00e9, Silvio Santill\u00e1n y Pilar \u00c1lvarez. Durante la reuni\u00f3n, Jorge Meza brind\u00f3 detalles del libro que presentar\u00e1 en el mes [&hellip;]\" \/>\n<meta property=\"og:url\" content=\"http:\/\/concejodeliberantedeazul.gob.ar\/index.php\/2022\/09\/29\/autoridades-y-concejales-recibieron-al-docente-y-escritor-jorge-meza\/\" \/>\n<meta property=\"og:site_name\" content=\"Concejo deliberante de Azul\" \/>\n<meta property=\"article:published_time\" content=\"2022-09-29T14:26:39+00:00\" \/>\n<meta property=\"article:modified_time\" content=\"2022-09-29T14:26:40+00:00\" \/>\n<meta property=\"og:image\" content=\"http:\/\/concejodeliberantedeazul.gob.ar\/wp-content\/uploads\/2022\/09\/22-09-2022-Reunion-con-Jorge-Meza-1-scaled.jpg\" \/>\n\t<meta property=\"og:image:width\" content=\"2560\" \/>\n\t<meta property=\"og:image:height\" content=\"2406\" \/>\n\t<meta property=\"og:image:type\" content=\"image\/jpeg\" \/>\n<meta name=\"author\" content=\"Concejo Deliberante Azul\" \/>\n<meta name=\"twitter:card\" content=\"summary_large_image\" \/>\n<meta name=\"twitter:label1\" content=\"Escrito por\" \/>\n\t<meta name=\"twitter:data1\" content=\"Concejo Deliberante Azul\" \/>\n\t<meta name=\"twitter:label2\" content=\"Tiempo de lectura\" \/>\n\t<meta name=\"twitter:data2\" content=\"1 minuto\" \/>\n<script type=\"application\/ld+json\" class=\"yoast-schema-graph\">{\"@context\":\"https:\\\/\\\/schema.org\",\"@graph\":[{\"@type\":\"Article\",\"@id\":\"http:\\\/\\\/concejodeliberantedeazul.gob.ar\\\/index.php\\\/2022\\\/09\\\/29\\\/autoridades-y-concejales-recibieron-al-docente-y-escritor-jorge-meza\\\/#article\",\"isPartOf\":{\"@id\":\"http:\\\/\\\/concejodeliberantedeazul.gob.ar\\\/index.php\\\/2022\\\/09\\\/29\\\/autoridades-y-concejales-recibieron-al-docente-y-escritor-jorge-meza\\\/\"},\"author\":{\"name\":\"Concejo Deliberante Azul\",\"@id\":\"http:\\\/\\\/concejodeliberantedeazul.gob.ar\\\/#\\\/schema\\\/person\\\/65fd6514aee7c29f008fc53b206198fe\"},\"headline\":\"Autoridades y concejales recibieron al docente y escritor Jorge Meza\",\"datePublished\":\"2022-09-29T14:26:39+00:00\",\"dateModified\":\"2022-09-29T14:26:40+00:00\",\"mainEntityOfPage\":{\"@id\":\"http:\\\/\\\/concejodeliberantedeazul.gob.ar\\\/index.php\\\/2022\\\/09\\\/29\\\/autoridades-y-concejales-recibieron-al-docente-y-escritor-jorge-meza\\\/\"},\"wordCount\":232,\"commentCount\":0,\"image\":{\"@id\":\"http:\\\/\\\/concejodeliberantedeazul.gob.ar\\\/index.php\\\/2022\\\/09\\\/29\\\/autoridades-y-concejales-recibieron-al-docente-y-escritor-jorge-meza\\\/#primaryimage\"},\"thumbnailUrl\":\"http:\\\/\\\/concejodeliberantedeazul.gob.ar\\\/wp-content\\\/uploads\\\/2022\\\/09\\\/22-09-2022-Reunion-con-Jorge-Meza-1-scaled.jpg\",\"articleSection\":[\"Noticias\"],\"inLanguage\":\"es-AR\",\"potentialAction\":[{\"@type\":\"CommentAction\",\"name\":\"Comment\",\"target\":[\"http:\\\/\\\/concejodeliberantedeazul.gob.ar\\\/index.php\\\/2022\\\/09\\\/29\\\/autoridades-y-concejales-recibieron-al-docente-y-escritor-jorge-meza\\\/#respond\"]}]},{\"@type\":\"WebPage\",\"@id\":\"http:\\\/\\\/concejodeliberantedeazul.gob.ar\\\/index.php\\\/2022\\\/09\\\/29\\\/autoridades-y-concejales-recibieron-al-docente-y-escritor-jorge-meza\\\/\",\"url\":\"http:\\\/\\\/concejodeliberantedeazul.gob.ar\\\/index.php\\\/2022\\\/09\\\/29\\\/autoridades-y-concejales-recibieron-al-docente-y-escritor-jorge-meza\\\/\",\"name\":\"Autoridades y concejales recibieron al docente y escritor Jorge Meza - Concejo deliberante de Azul\",\"isPartOf\":{\"@id\":\"http:\\\/\\\/concejodeliberantedeazul.gob.ar\\\/#website\"},\"primaryImageOfPage\":{\"@id\":\"http:\\\/\\\/concejodeliberantedeazul.gob.ar\\\/index.php\\\/2022\\\/09\\\/29\\\/autoridades-y-concejales-recibieron-al-docente-y-escritor-jorge-meza\\\/#primaryimage\"},\"image\":{\"@id\":\"http:\\\/\\\/concejodeliberantedeazul.gob.ar\\\/index.php\\\/2022\\\/09\\\/29\\\/autoridades-y-concejales-recibieron-al-docente-y-escritor-jorge-meza\\\/#primaryimage\"},\"thumbnailUrl\":\"http:\\\/\\\/concejodeliberantedeazul.gob.ar\\\/wp-content\\\/uploads\\\/2022\\\/09\\\/22-09-2022-Reunion-con-Jorge-Meza-1-scaled.jpg\",\"datePublished\":\"2022-09-29T14:26:39+00:00\",\"dateModified\":\"2022-09-29T14:26:40+00:00\",\"author\":{\"@id\":\"http:\\\/\\\/concejodeliberantedeazul.gob.ar\\\/#\\\/schema\\\/person\\\/65fd6514aee7c29f008fc53b206198fe\"},\"breadcrumb\":{\"@id\":\"http:\\\/\\\/concejodeliberantedeazul.gob.ar\\\/index.php\\\/2022\\\/09\\\/29\\\/autoridades-y-concejales-recibieron-al-docente-y-escritor-jorge-meza\\\/#breadcrumb\"},\"inLanguage\":\"es-AR\",\"potentialAction\":[{\"@type\":\"ReadAction\",\"target\":[\"http:\\\/\\\/concejodeliberantedeazul.gob.ar\\\/index.php\\\/2022\\\/09\\\/29\\\/autoridades-y-concejales-recibieron-al-docente-y-escritor-jorge-meza\\\/\"]}]},{\"@type\":\"ImageObject\",\"inLanguage\":\"es-AR\",\"@id\":\"http:\\\/\\\/concejodeliberantedeazul.gob.ar\\\/index.php\\\/2022\\\/09\\\/29\\\/autoridades-y-concejales-recibieron-al-docente-y-escritor-jorge-meza\\\/#primaryimage\",\"url\":\"http:\\\/\\\/concejodeliberantedeazul.gob.ar\\\/wp-content\\\/uploads\\\/2022\\\/09\\\/22-09-2022-Reunion-con-Jorge-Meza-1-scaled.jpg\",\"contentUrl\":\"http:\\\/\\\/concejodeliberantedeazul.gob.ar\\\/wp-content\\\/uploads\\\/2022\\\/09\\\/22-09-2022-Reunion-con-Jorge-Meza-1-scaled.jpg\",\"width\":2560,\"height\":2406},{\"@type\":\"BreadcrumbList\",\"@id\":\"http:\\\/\\\/concejodeliberantedeazul.gob.ar\\\/index.php\\\/2022\\\/09\\\/29\\\/autoridades-y-concejales-recibieron-al-docente-y-escritor-jorge-meza\\\/#breadcrumb\",\"itemListElement\":[{\"@type\":\"ListItem\",\"position\":1,\"name\":\"Inicio\",\"item\":\"https:\\\/\\\/concejodeliberantedeazul.gob.ar\\\/\"},{\"@type\":\"ListItem\",\"position\":2,\"name\":\"Autoridades y concejales recibieron al docente y escritor Jorge Meza\"}]},{\"@type\":\"WebSite\",\"@id\":\"http:\\\/\\\/concejodeliberantedeazul.gob.ar\\\/#website\",\"url\":\"http:\\\/\\\/concejodeliberantedeazul.gob.ar\\\/\",\"name\":\"Concejo deliberante de Azul\",\"description\":\"Sitio Web Oficial del Concejo Deliberante de Azul, Prov. de Buenos Aires - Conformado por 18 concejales de todo el partido.\",\"potentialAction\":[{\"@type\":\"SearchAction\",\"target\":{\"@type\":\"EntryPoint\",\"urlTemplate\":\"http:\\\/\\\/concejodeliberantedeazul.gob.ar\\\/?s={search_term_string}\"},\"query-input\":{\"@type\":\"PropertyValueSpecification\",\"valueRequired\":true,\"valueName\":\"search_term_string\"}}],\"inLanguage\":\"es-AR\"},{\"@type\":\"Person\",\"@id\":\"http:\\\/\\\/concejodeliberantedeazul.gob.ar\\\/#\\\/schema\\\/person\\\/65fd6514aee7c29f008fc53b206198fe\",\"name\":\"Concejo Deliberante Azul\",\"image\":{\"@type\":\"ImageObject\",\"inLanguage\":\"es-AR\",\"@id\":\"https:\\\/\\\/secure.gravatar.com\\\/avatar\\\/30d9ae907861b897be87a25469982f0cfbce09947e0998bf7d9d0ecab450fb85?s=96&d=mm&r=g\",\"url\":\"https:\\\/\\\/secure.gravatar.com\\\/avatar\\\/30d9ae907861b897be87a25469982f0cfbce09947e0998bf7d9d0ecab450fb85?s=96&d=mm&r=g\",\"contentUrl\":\"https:\\\/\\\/secure.gravatar.com\\\/avatar\\\/30d9ae907861b897be87a25469982f0cfbce09947e0998bf7d9d0ecab450fb85?s=96&d=mm&r=g\",\"caption\":\"Concejo Deliberante Azul\"},\"url\":\"http:\\\/\\\/concejodeliberantedeazul.gob.ar\\\/index.php\\\/author\\\/concejo\\\/\"}]}<\/script>\n<!-- \/ Yoast SEO plugin. -->","yoast_head_json":{"title":"Autoridades y concejales recibieron al docente y escritor Jorge Meza - Concejo deliberante de Azul","robots":{"index":"index","follow":"follow","max-snippet":"max-snippet:-1","max-image-preview":"max-image-preview:large","max-video-preview":"max-video-preview:-1"},"canonical":"http:\/\/concejodeliberantedeazul.gob.ar\/index.php\/2022\/09\/29\/autoridades-y-concejales-recibieron-al-docente-y-escritor-jorge-meza\/","og_locale":"es_ES","og_type":"article","og_title":"Autoridades y concejales recibieron al docente y escritor Jorge Meza - Concejo deliberante de Azul","og_description":"El encuentro se realiz\u00f3 en el recinto del Concejo Deliberante y cont\u00f3 con la presencia de la Presidenta del Cuerpo, Mar\u00eda In\u00e9s Laurini y los concejales Cecilia Mart\u00ednez, Cristina \u00c1lvarez, Ver\u00f3nica Crisafulli, Joaqu\u00edn Propato, Natalia Colom\u00e9, Silvio Santill\u00e1n y Pilar \u00c1lvarez. Durante la reuni\u00f3n, Jorge Meza brind\u00f3 detalles del libro que presentar\u00e1 en el mes [&hellip;]","og_url":"http:\/\/concejodeliberantedeazul.gob.ar\/index.php\/2022\/09\/29\/autoridades-y-concejales-recibieron-al-docente-y-escritor-jorge-meza\/","og_site_name":"Concejo deliberante de Azul","article_published_time":"2022-09-29T14:26:39+00:00","article_modified_time":"2022-09-29T14:26:40+00:00","og_image":[{"width":2560,"height":2406,"url":"http:\/\/concejodeliberantedeazul.gob.ar\/wp-content\/uploads\/2022\/09\/22-09-2022-Reunion-con-Jorge-Meza-1-scaled.jpg","type":"image\/jpeg"}],"author":"Concejo Deliberante Azul","twitter_card":"summary_large_image","twitter_misc":{"Escrito por":"Concejo Deliberante Azul","Tiempo de lectura":"1 minuto"},"schema":{"@context":"https:\/\/schema.org","@graph":[{"@type":"Article","@id":"http:\/\/concejodeliberantedeazul.gob.ar\/index.php\/2022\/09\/29\/autoridades-y-concejales-recibieron-al-docente-y-escritor-jorge-meza\/#article","isPartOf":{"@id":"http:\/\/concejodeliberantedeazul.gob.ar\/index.php\/2022\/09\/29\/autoridades-y-concejales-recibieron-al-docente-y-escritor-jorge-meza\/"},"author":{"name":"Concejo Deliberante Azul","@id":"http:\/\/concejodeliberantedeazul.gob.ar\/#\/schema\/person\/65fd6514aee7c29f008fc53b206198fe"},"headline":"Autoridades y concejales recibieron al docente y escritor Jorge Meza","datePublished":"2022-09-29T14:26:39+00:00","dateModified":"2022-09-29T14:26:40+00:00","mainEntityOfPage":{"@id":"http:\/\/concejodeliberantedeazul.gob.ar\/index.php\/2022\/09\/29\/autoridades-y-concejales-recibieron-al-docente-y-escritor-jorge-meza\/"},"wordCount":232,"commentCount":0,"image":{"@id":"http:\/\/concejodeliberantedeazul.gob.ar\/index.php\/2022\/09\/29\/autoridades-y-concejales-recibieron-al-docente-y-escritor-jorge-meza\/#primaryimage"},"thumbnailUrl":"http:\/\/concejodeliberantedeazul.gob.ar\/wp-content\/uploads\/2022\/09\/22-09-2022-Reunion-con-Jorge-Meza-1-scaled.jpg","articleSection":["Noticias"],"inLanguage":"es-AR","potentialAction":[{"@type":"CommentAction","name":"Comment","target":["http:\/\/concejodeliberantedeazul.gob.ar\/index.php\/2022\/09\/29\/autoridades-y-concejales-recibieron-al-docente-y-escritor-jorge-meza\/#respond"]}]},{"@type":"WebPage","@id":"http:\/\/concejodeliberantedeazul.gob.ar\/index.php\/2022\/09\/29\/autoridades-y-concejales-recibieron-al-docente-y-escritor-jorge-meza\/","url":"http:\/\/concejodeliberantedeazul.gob.ar\/index.php\/2022\/09\/29\/autoridades-y-concejales-recibieron-al-docente-y-escritor-jorge-meza\/","name":"Autoridades y concejales recibieron al docente y escritor Jorge Meza - Concejo deliberante de Azul","isPartOf":{"@id":"http:\/\/concejodeliberantedeazul.gob.ar\/#website"},"primaryImageOfPage":{"@id":"http:\/\/concejodeliberantedeazul.gob.ar\/index.php\/2022\/09\/29\/autoridades-y-concejales-recibieron-al-docente-y-escritor-jorge-meza\/#primaryimage"},"image":{"@id":"http:\/\/concejodeliberantedeazul.gob.ar\/index.php\/2022\/09\/29\/autoridades-y-concejales-recibieron-al-docente-y-escritor-jorge-meza\/#primaryimage"},"thumbnailUrl":"http:\/\/concejodeliberantedeazul.gob.ar\/wp-content\/uploads\/2022\/09\/22-09-2022-Reunion-con-Jorge-Meza-1-scaled.jpg","datePublished":"2022-09-29T14:26:39+00:00","dateModified":"2022-09-29T14:26:40+00:00","author":{"@id":"http:\/\/concejodeliberantedeazul.gob.ar\/#\/schema\/person\/65fd6514aee7c29f008fc53b206198fe"},"breadcrumb":{"@id":"http:\/\/concejodeliberantedeazul.gob.ar\/index.php\/2022\/09\/29\/autoridades-y-concejales-recibieron-al-docente-y-escritor-jorge-meza\/#breadcrumb"},"inLanguage":"es-AR","potentialAction":[{"@type":"ReadAction","target":["http:\/\/concejodeliberantedeazul.gob.ar\/index.php\/2022\/09\/29\/autoridades-y-concejales-recibieron-al-docente-y-escritor-jorge-meza\/"]}]},{"@type":"ImageObject","inLanguage":"es-AR","@id":"http:\/\/concejodeliberantedeazul.gob.ar\/index.php\/2022\/09\/29\/autoridades-y-concejales-recibieron-al-docente-y-escritor-jorge-meza\/#primaryimage","url":"http:\/\/concejodeliberantedeazul.gob.ar\/wp-content\/uploads\/2022\/09\/22-09-2022-Reunion-con-Jorge-Meza-1-scaled.jpg","contentUrl":"http:\/\/concejodeliberantedeazul.gob.ar\/wp-content\/uploads\/2022\/09\/22-09-2022-Reunion-con-Jorge-Meza-1-scaled.jpg","width":2560,"height":2406},{"@type":"BreadcrumbList","@id":"http:\/\/concejodeliberantedeazul.gob.ar\/index.php\/2022\/09\/29\/autoridades-y-concejales-recibieron-al-docente-y-escritor-jorge-meza\/#breadcrumb","itemListElement":[{"@type":"ListItem","position":1,"name":"Inicio","item":"https:\/\/concejodeliberantedeazul.gob.ar\/"},{"@type":"ListItem","position":2,"name":"Autoridades y concejales recibieron al docente y escritor Jorge Meza"}]},{"@type":"WebSite","@id":"http:\/\/concejodeliberantedeazul.gob.ar\/#website","url":"http:\/\/concejodeliberantedeazul.gob.ar\/","name":"Concejo deliberante de Azul","description":"Sitio Web Oficial del Concejo Deliberante de Azul, Prov. de Buenos Aires - Conformado por 18 concejales de todo el partido.","potentialAction":[{"@type":"SearchAction","target":{"@type":"EntryPoint","urlTemplate":"http:\/\/concejodeliberantedeazul.gob.ar\/?s={search_term_string}"},"query-input":{"@type":"PropertyValueSpecification","valueRequired":true,"valueName":"search_term_string"}}],"inLanguage":"es-AR"},{"@type":"Person","@id":"http:\/\/concejodeliberantedeazul.gob.ar\/#\/schema\/person\/65fd6514aee7c29f008fc53b206198fe","name":"Concejo Deliberante Azul","image":{"@type":"ImageObject","inLanguage":"es-AR","@id":"https:\/\/secure.gravatar.com\/avatar\/30d9ae907861b897be87a25469982f0cfbce09947e0998bf7d9d0ecab450fb85?s=96&d=mm&r=g","url":"https:\/\/secure.gravatar.com\/avatar\/30d9ae907861b897be87a25469982f0cfbce09947e0998bf7d9d0ecab450fb85?s=96&d=mm&r=g","contentUrl":"https:\/\/secure.gravatar.com\/avatar\/30d9ae907861b897be87a25469982f0cfbce09947e0998bf7d9d0ecab450fb85?s=96&d=mm&r=g","caption":"Concejo Deliberante Azul"},"url":"http:\/\/concejodeliberantedeazul.gob.ar\/index.php\/author\/concejo\/"}]}},"amp_enabled":true,"_links":{"self":[{"href":"http:\/\/concejodeliberantedeazul.gob.ar\/index.php\/wp-json\/wp\/v2\/posts\/1556","targetHints":{"allow":["GET"]}}],"collection":[{"href":"http:\/\/concejodeliberantedeazul.gob.ar\/index.php\/wp-json\/wp\/v2\/posts"}],"about":[{"href":"http:\/\/concejodeliberantedeazul.gob.ar\/index.php\/wp-json\/wp\/v2\/types\/post"}],"author":[{"embeddable":true,"href":"http:\/\/concejodeliberantedeazul.gob.ar\/index.php\/wp-json\/wp\/v2\/users\/2"}],"replies":[{"embeddable":true,"href":"http:\/\/concejodeliberantedeazul.gob.ar\/index.php\/wp-json\/wp\/v2\/comments?post=1556"}],"version-history":[{"count":1,"href":"http:\/\/concejodeliberantedeazul.gob.ar\/index.php\/wp-json\/wp\/v2\/posts\/1556\/revisions"}],"predecessor-version":[{"id":1558,"href":"http:\/\/concejodeliberantedeazul.gob.ar\/index.php\/wp-json\/wp\/v2\/posts\/1556\/revisions\/1558"}],"wp:featuredmedia":[{"embeddable":true,"href":"http:\/\/concejodeliberantedeazul.gob.ar\/index.php\/wp-json\/wp\/v2\/media\/1557"}],"wp:attachment":[{"href":"http:\/\/concejodeliberantedeazul.gob.ar\/index.php\/wp-json\/wp\/v2\/media?parent=1556"}],"wp:term":[{"taxonomy":"category","embeddable":true,"href":"http:\/\/concejodeliberantedeazul.gob.ar\/index.php\/wp-json\/wp\/v2\/categories?post=1556"},{"taxonomy":"post_tag","embeddable":true,"href":"http:\/\/concejodeliberantedeazul.gob.ar\/index.php\/wp-json\/wp\/v2\/tags?post=1556"}],"curies":[{"name":"wp","href":"https:\/\/api.w.org\/{rel}","templated":true}]}}