{"id":1553,"date":"2022-09-29T11:24:17","date_gmt":"2022-09-29T14:24:17","guid":{"rendered":"http:\/\/concejodeliberantedeazul.gob.ar\/?p=1553"},"modified":"2022-09-29T11:24:19","modified_gmt":"2022-09-29T14:24:19","slug":"el-concejo-deliberante-sesiono-en-cachari","status":"publish","type":"post","link":"http:\/\/concejodeliberantedeazul.gob.ar\/index.php\/2022\/09\/29\/el-concejo-deliberante-sesiono-en-cachari\/","title":{"rendered":"El Concejo Deliberante sesion\u00f3 en Cachar\u00ed"},"content":{"rendered":"\n<p>En el marco del 126\u00b0 Aniversario de la Fundaci\u00f3n de Cachar\u00ed, el Concejo Deliberante del partido de Azul realiz\u00f3 la D\u00e9cimo Cuarta Sesi\u00f3n Ordinaria en la mencionada localidad.<\/p>\n\n\n\n<p>La misma se llev\u00f3 a cabo en la Biblioteca Popular Alma Fuerte oportunidad en que los concejales dieron tratamiento a un orden del d\u00eda compuesto por 30 puntos entre los que se destacaron despachos de las comisiones, expedientes elevados por el Departamento Ejecutivo y proyectos de los diferentes bloques que componen el Cuerpo.<\/p>\n\n\n\n<p>En principio, la Presidente del Cuerpo, Mar\u00eda In\u00e9s Laurini agradeci\u00f3 a la comisi\u00f3n de la Biblioteca que brind\u00f3 el espacio para poder realizar la Sesi\u00f3n.<\/p>\n\n\n\n<p>Adem\u00e1s, luego de su aprobaci\u00f3n por unanimidad, se hizo entrega, a docentes y alumnos, de la Resoluci\u00f3n que declara de Inter\u00e9s Cultural, Educativo y Legislativo el proyecto \u201cGenerando Conciencia\u201d de la Escuela de Educaci\u00f3n Secundaria N\u00b02 \u201cJos\u00e9 Hern\u00e1ndez\u201d de Cachari.&nbsp;&nbsp;<\/p>\n\n\n\n<p>Antes de finalizar la sesi\u00f3n, la concejala Pilar \u00c1lvarez realiz\u00f3 un breve homenaje a la periodista y escritora, Magdalena Ruiz Gui\u00f1az\u00fa, recientemente fallecida.<\/p>\n\n\n\n<p><strong><u>Proyectos de los diferentes bloques:<\/u><\/strong><\/p>\n\n\n\n<ul class=\"wp-block-list\"><li>Concejales del partido de Azul elevaron un proyecto de Comunicaci\u00f3n referido a solicitar al Departamento Ejecutivo que informe sobre distintas cuestiones relacionadas con el Convenio Marco de Cooperaci\u00f3n suscripto con la OPDS para la Gesti\u00f3n Integral de Residuos S\u00f3lidos Urbanos. La Comunicaci\u00f3n se aprob\u00f3 por unanimidad.<\/li><li>Bloque Podemos Azul elev\u00f3 un proyecto de Comunicaci\u00f3n relacionado con el estado de la Planta de Tratamiento de Residuos S\u00f3lidos Urbanos URECA de Cachar\u00ed. La Comunicaci\u00f3n se aprob\u00f3 por unanimidad.<\/li><li>Bloque UCR Evoluci\u00f3n elev\u00f3 un proyecto de Comunicaci\u00f3n referido a solicitar al se\u00f1or Intendente Municipal que se instrumenten las acciones necesarias para incorporar un profesional psic\u00f3logo para la atenci\u00f3n de ni\u00f1os, ni\u00f1as y adolescentes en el CAPS N\u00b0 11 de Cachar\u00ed. La Comunicaci\u00f3n se aprob\u00f3 por mayor\u00eda.&nbsp;&nbsp;<\/li><li>Concejales del partido de Azul elevaron un proyecto de Resoluci\u00f3n referido a declarar de Inter\u00e9s Cultural, Educativo y Legislativo el proyecto \u201cGeneraci\u00f3n Conciencia\u201d de la Escuela de Educaci\u00f3n Secundaria N\u00b0 2 \u201cJos\u00e9 Hern\u00e1ndez\u201d de Cachar\u00ed. La Resoluci\u00f3n se aprob\u00f3 por unanimidad.<\/li><li>Bloque PRO elev\u00f3 proyecto de Resoluci\u00f3n referido a manifestar la importancia y adherir al proyecto de Ley en estudio en la H. C\u00e1mara de Diputados de la Naci\u00f3n de \u201cContinuidad del aprendizaje y derechos que protege la escuela\u201d, que tiene por objeto Declarar la Educaci\u00f3n como Servicio Estrat\u00e9gico Esencial; y solicitar su pronto tratamiento. El proyecto de Resoluci\u00f3n se gir\u00f3 a la comisi\u00f3n de Acci\u00f3n Social, Cultura, Educaci\u00f3n y Deportes. &nbsp;<\/li><li>Bloque UCR Evoluci\u00f3n elev\u00f3 proyecto de Comunicaci\u00f3n referido a solicitar al Departamento Ejecutivo que eval\u00fae la posibilidad de implementar medios de transporte p\u00fablico destinados a docentes que viajan desde Azul a Cachar\u00ed a dictar clases. El proyecto de Comunicaci\u00f3n se gir\u00f3 a las comisiones de Obras P\u00fablicas y de Educaci\u00f3n.<\/li><li>Concejales del partido de Azul elevaron un proyecto de Resoluci\u00f3n referido a declarar de Inter\u00e9s Comunitario la constituci\u00f3n de la \u201cAsociaci\u00f3n Civil Cannabis Medicinal Azul\u201d. La Resoluci\u00f3n se aprob\u00f3 por unanimidad.<\/li><li>Bloque Podemos Azul elevaron un proyecto de Comunicaci\u00f3n referido a encomendar al Departamento Ejecutivo que tome medidas para la capacitaci\u00f3n en Vacunaci\u00f3n para enfermeras y enfermeros; como asimismo para regularizar la situaci\u00f3n del vacunatorio del CAPS de Cachar\u00ed. La Comunicaci\u00f3n se aprob\u00f3 por mayor\u00eda.<\/li><li>Integrantes del bloque Frente de Todos elevaron un proyecto de Comunicaci\u00f3n referido a solicitar al Departamento Ejecutivo que gestione la colocaci\u00f3n de un contenedor en intersecci\u00f3n de calles Malere y 62, y otro en Corrientes y Misia Barranco, hasta que se resuelva la ampliaci\u00f3n del recorrido del servicio de recolecci\u00f3n de residuos. La Comunicaci\u00f3n se aprob\u00f3 por unanimidad.<\/li><li>Integrantes del bloque Frente de Todos elevaron proyecto de Comunicaci\u00f3n referido a solicitar al Departamento Ejecutivo que informe sobre especialidades, d\u00edas y horarios de atenci\u00f3n en el hospital municipal \u201cDr. Casellas Sol\u00e1\u201d de Cachar\u00ed y en los Centros de Atenci\u00f3n Primaria de la Salud. La Comunicaci\u00f3n se aprob\u00f3 por unanimidad.<\/li><li>Bloque Nuevo Azul elev\u00f3 proyecto de Resoluci\u00f3n referido a manifestar la importancia de la modificaci\u00f3n de la actual Ley de Alquileres 27.551 en la H. C\u00e1mara de Diputados de la Naci\u00f3n, debido al perjuicio que ha ocasionado en propietarios e inquilinos. El proyecto de Resoluci\u00f3n se gir\u00f3 a la comisi\u00f3n de Interpretaci\u00f3n.<\/li><li>Concejales del partido de Azul elevaron un proyecto de Resoluci\u00f3n referido a solicitar al Departamento Ejecutivo que gestione ante las autoridades pertinentes la realizaci\u00f3n de obras que ordenen el tr\u00e1nsito sobre ruta nacional 3 y ruta provincial 50 en el acceso a la localidad de Cachar\u00ed. La Resoluci\u00f3n se aprob\u00f3 por unanimidad.<\/li><\/ul>\n\n\n\n<p><strong><u>Expedientes elevados por el Intendente Municipal:<\/u><\/strong><\/p>\n\n\n\n<p>-Elev\u00f3 actuaciones iniciadas por el CLUB CEMENTO ARMADO, con proyecto de Ordenanza referido a condonar la deuda que, en concepto de Tasa por Servicios Urbanos, mantiene con este Municipio la mencionada instituci\u00f3n por los per\u00edodos fiscales 2017 a 2021 por inmueble de su propiedad. El expediente se gir\u00f3 a las comisiones de presupuesto y de interpretaci\u00f3n.<\/p>\n\n\n\n<p>-Elev\u00f3 actuaciones iniciadas por la Subdirecci\u00f3n Gesti\u00f3n de Patrimonio, con proyecto de Ordenanza referido a autorizar al Departamento Ejecutivo a dar de baja definitiva del patrimonio municipal un bien totalmente obsoleto de la Direcci\u00f3n de Relaciones con la Comunidad. Se gir\u00f3 a la comisi\u00f3n de Presupuesto.<\/p>\n\n\n\n<p>-Elev\u00f3 actuaciones iniciadas por la Subdirecci\u00f3n Gesti\u00f3n de Patrimonio, con proyecto de Ordenanza referido a autorizar al Departamento Ejecutivo a dar de baja definitiva del patrimonio municipal bienes totalmente obsoletos de la Direcci\u00f3n de Ingresos P\u00fablicos y de la Direcci\u00f3n de Fiscalizaci\u00f3n Tributaria. Se gir\u00f3 a la comisi\u00f3n de Presupuesto.<\/p>\n\n\n\n<p>-Elev\u00f3 actuaciones iniciadas por la Subdirecci\u00f3n Gesti\u00f3n de Patrimonio, con proyecto de Ordenanza referido a autorizar al Departamento Ejecutivo a dar de baja definitiva del patrimonio municipal bienes totalmente obsoletos de la Direcci\u00f3n de Deportes y Escuela Municipal de Atletismo. Se gir\u00f3 a la comisi\u00f3n de Presupuesto.<\/p>\n\n\n\n<p>-Elev\u00f3 actuaciones iniciadas por la Subdirecci\u00f3n Gesti\u00f3n de Patrimonio, con proyecto de Ordenanza referido a autorizar al Departamento Ejecutivo a dar de baja definitiva del patrimonio municipal un bien totalmente obsoleto del Departamento de Obras Privadas. Se gir\u00f3 a la comisi\u00f3n de Presupuesto.<\/p>\n\n\n\n<p><strong><u>Despachos de las diferentes comisiones:<\/u><\/strong><\/p>\n\n\n\n<p>-Despachos de las comisiones de presupuesto y hacienda y de interpretaci\u00f3n, legislaci\u00f3n y seguridad p\u00fablica aconsejando la aprobaci\u00f3n del proyecto de Ordenanza referido a condonar a la \u201cCruz Roja Argentina Filial Azul\u201d la deuda que, en concepto de Tasa por Servicios Urbanos, mantiene con este Municipio hasta el a\u00f1o 2019 inclusive por inmuebles de su propiedad. Los despachos se aprobaron por unanimidad.<\/p>\n\n\n\n<p>-Despachos de las comisiones de presupuesto y hacienda y de interpretaci\u00f3n, legislaci\u00f3n y seguridad p\u00fablica aconsejando la aprobaci\u00f3n del proyecto de Ordenanza referido a convalidar el Convenio suscripto con AADI-CAPIF relacionado con el pago del derecho que compete a artistas int\u00e9rpretes y productores fonogr\u00e1ficos, nacionales y extranjeros, con relaci\u00f3n a eventos, espect\u00e1culos art\u00edsticos y de recreaci\u00f3n a realizar por la Municipalidad de Azul durante 2022. Los despachos se aprobaron por unanimidad.<\/p>\n\n\n\n<p>-Despachos de las comisiones de presupuesto y hacienda y de interpretaci\u00f3n, legislaci\u00f3n y seguridad p\u00fablica aconsejando la aprobaci\u00f3n del proyecto de Ordenanza Preparatoria referido a autorizar la reprogramaci\u00f3n de las deudas municipales generadas en el marco del \u201cFondo Especial de Emergencia Sanitaria para la Contenci\u00f3n Fiscal Municipal\u201d. Los Despachos se aprobaron por unanimidad.&nbsp; Los despachos se aprobaron por unanimidad.<\/p>\n\n\n\n<p>-Despacho de la comisi\u00f3n de interpretaci\u00f3n, legislaci\u00f3n y seguridad p\u00fablica aconsejando la aprobaci\u00f3n, con modificaci\u00f3n, del proyecto de Ordenanza referido a modificar y derogar art\u00edculos de la Ordenanza N\u00b0 4.141\/2018 que crea el \u201cObservatorio de Seguridad Vial\u201d en el \u00e1mbito del partido de Azul. El despacho se aprob\u00f3 por unanimidad.<\/p>\n\n\n\n<p>-Despacho de la comisi\u00f3n de interpretaci\u00f3n, legislaci\u00f3n y seguridad p\u00fablica, con proyecto de Resoluci\u00f3n referido a declarar de Inter\u00e9s el encuentro distrital que se ha de llamar \u201cReanudando la presencialidad\u201d, a realizarse el d\u00eda 1\u00b0 de octubre de 2022. El despacho se aprueba por unanimidad.<\/p>\n\n\n\n<p>-Despacho de la comisi\u00f3n de presupuesto y hacienda, con proyecto de Resoluci\u00f3n referido a girar las presentes actuaciones al Departamento Ejecutivo (INTENDENTE MUNICIPAL. Eleva actuaciones iniciadas por la Secretar\u00eda de Hacienda y Administraci\u00f3n, relacionadas con el incremento de los valores establecidos en la Ordenanza Impositiva 4.513\/2020). El despacho se archiv\u00f3.<\/p>\n\n\n\n<p>-Despacho de la comisi\u00f3n de presupuesto y hacienda, con proyecto de Resoluci\u00f3n referido a girar las presentes actuaciones al Departamento Ejecutivo (INTENDENTE MUNICIPAL. Eleva copia del Decreto N\u00b0 1.054\/2022 que ampl\u00eda partidas presupuestarias de las distintas jurisdicciones a los efectos de cumplir con la modificaci\u00f3n de la Estructura Org\u00e1nico Funcional). El despacho se archiv\u00f3.<\/p>\n\n\n\n<p>-Despacho de la comisi\u00f3n de salud p\u00fablica y medio ambiente, con proyecto de Comunicaci\u00f3n referido a solicitar al se\u00f1or Intendente Municipal que informe sobre acciones realizadas desde el Municipio como plan de ayuda al Centro Cultural ADIFA, seg\u00fan consta en acta de fecha 12 de octubre de 2019; y sobre la obra de insonorizaci\u00f3n del lugar. El despacho se aprob\u00f3 por unanimidad.<\/p>\n\n\n\n<p>-Despacho de la comisi\u00f3n de presupuesto y hacienda aconsejando el archivo de las presentes actuaciones (VECINA MINVIELLE CECILIA. Eleva nota solicitando una reducci\u00f3n de la Tasa Urbana y un aumento en la bonificaci\u00f3n por \u201cBuen Contribuyente). Se aprob\u00f3 por unanimidad.<\/p>\n\n\n\n<p>-Despacho de la comisi\u00f3n de presupuesto y hacienda aconsejando el archivo de las presentes actuaciones (INTENDENTE MUNICIPAL. Eleva copia del Decreto N\u00b0 178\/2022, mediante el cual se rechazan las impugnaciones al tratamiento de la pauta salarial del a\u00f1o en curso y se dan a conocer las actualizaciones correspondientes). Se aprob\u00f3 por unanimidad.<\/p>\n\n\n\n<p>-Despacho de la comisi\u00f3n de presupuesto y hacienda aconsejando el archivo de las presentes actuaciones (INTENDENTE MUNICIPAL. Remite copia del Decreto N\u00b0 1.133\/2020 que modifica valores de la Ordenanza N\u00b0 4.435\/2019 (Ordenanza Impositiva ejercicio 2020). Se aprob\u00f3 por unanimidad.<\/p>\n\n\n\n<p><strong><u>Notas recibidas:<\/u><\/strong><\/p>\n\n\n\n<p>-Sottile Juan Pablo \u2013 Dir. Proyecto De Extensi\u00f3n \u2013 Facultad de Agronom\u00eda elev\u00f3 nota solicitando se declare de Inter\u00e9s Comunitario el ciclo de charlas-taller para emprendedores denominado \u201cCapacitarse para crecer\u201d, que se llevar\u00e1 a cabo los d\u00edas 15\/10, 29\/10, 12\/11, 26\/11 y 3\/12. La nota se gir\u00f3 a la comisi\u00f3n de homenajes.<\/p>\n\n\n\n<p>-Vecinos del Barrio Villa Piazza Sur elevaron nota solicitando reuni\u00f3n con la Comisi\u00f3n de Salud P\u00fablica y Medio Ambiente a fin de tratar la problem\u00e1tica del agua. La nota se gir\u00f3 a la comisi\u00f3n de salud.<\/p>\n\n\n\n<p><strong><u>Respuestas a expedientes<\/u><\/strong><strong><\/strong><\/p>\n\n\n\n<p>-Respuesta del Departamento Ejecutivo a la Comunicaci\u00f3n N\u00ba 2.543\/2022, mediante la cual se le solicitaba que informe sobre poda no autorizada, tala y da\u00f1o a ejemplares detectados en el partido de Azul. El expediente se gira a la comisi\u00f3n de Obras P\u00fablicas. &nbsp;&nbsp;<\/p>\n\n\n\n<p>Resoluciones de otros Concejos<\/p>\n\n\n\n<p>-RESOLUCI\u00d3N N\u00ba 39\/2022. H.C.D. RIVADAVIA.Mediante la cual se solicita al Ministerio de Desarrollo de la Comunidad de la Pcia. De Bs As., la reconsideraci\u00f3n de la inclusi\u00f3n de una caja de cart\u00f3n en el programa MESA (Modulo Extraordinario para la Seguridad Alimentaria) y el reemplazo de la misma por alimentos.&nbsp; La Resoluci\u00f3n queda por Presidencia.<\/p>\n\n\n\n<p>-RESOLUCI\u00d3N N\u00ba 1.931\/2022. H.C.D. Daireaux.Mediante la cual se expresa el apoyo y respaldo al \u201cPROYECTO DE LEY QUE CREA LA UNIVERSIDAD NACIONAL DE PEHUAJO, DE LA PROV. DE BS. AS.\u201d. La Resoluci\u00f3n queda por Presidencia.<\/p>\n","protected":false},"excerpt":{"rendered":"<p>En el marco del 126\u00b0 Aniversario de la Fundaci\u00f3n de Cachar\u00ed, el Concejo Deliberante del partido de Azul realiz\u00f3 la D\u00e9cimo Cuarta Sesi\u00f3n Ordinaria en la mencionada localidad. La misma se llev\u00f3 a cabo en la Biblioteca Popular Alma Fuerte oportunidad en que los concejales dieron tratamiento a un orden del d\u00eda compuesto por 30 [&hellip;]<\/p>\n","protected":false},"author":2,"featured_media":1554,"comment_status":"open","ping_status":"open","sticky":false,"template":"","format":"standard","meta":{"tdm_status":"","tdm_grid_status":"","footnotes":""},"categories":[7],"tags":[],"class_list":{"0":"post-1553","1":"post","2":"type-post","3":"status-publish","4":"format-standard","5":"has-post-thumbnail","7":"category-noticias"},"yoast_head":"<!-- This site is optimized with the Yoast SEO plugin v27.3 - https:\/\/yoast.com\/product\/yoast-seo-wordpress\/ -->\n<title>El Concejo Deliberante sesion\u00f3 en Cachar\u00ed - Concejo deliberante de Azul<\/title>\n<meta name=\"robots\" content=\"index, follow, max-snippet:-1, max-image-preview:large, max-video-preview:-1\" \/>\n<link rel=\"canonical\" href=\"https:\/\/concejodeliberantedeazul.gob.ar\/index.php\/2022\/09\/29\/el-concejo-deliberante-sesiono-en-cachari\/\" \/>\n<meta property=\"og:locale\" content=\"es_ES\" \/>\n<meta property=\"og:type\" content=\"article\" \/>\n<meta property=\"og:title\" content=\"El Concejo Deliberante sesion\u00f3 en Cachar\u00ed - Concejo deliberante de Azul\" \/>\n<meta property=\"og:description\" content=\"En el marco del 126\u00b0 Aniversario de la Fundaci\u00f3n de Cachar\u00ed, el Concejo Deliberante del partido de Azul realiz\u00f3 la D\u00e9cimo Cuarta Sesi\u00f3n Ordinaria en la mencionada localidad. La misma se llev\u00f3 a cabo en la Biblioteca Popular Alma Fuerte oportunidad en que los concejales dieron tratamiento a un orden del d\u00eda compuesto por 30 [&hellip;]\" \/>\n<meta property=\"og:url\" content=\"https:\/\/concejodeliberantedeazul.gob.ar\/index.php\/2022\/09\/29\/el-concejo-deliberante-sesiono-en-cachari\/\" \/>\n<meta property=\"og:site_name\" content=\"Concejo deliberante de Azul\" \/>\n<meta property=\"article:published_time\" content=\"2022-09-29T14:24:17+00:00\" \/>\n<meta property=\"article:modified_time\" content=\"2022-09-29T14:24:19+00:00\" \/>\n<meta property=\"og:image\" content=\"https:\/\/concejodeliberantedeazul.gob.ar\/wp-content\/uploads\/2022\/09\/20-09-2022-Decimo-Cuarta-Sesion-Ordinaria-scaled.jpg\" \/>\n\t<meta property=\"og:image:width\" content=\"2560\" \/>\n\t<meta property=\"og:image:height\" content=\"1466\" \/>\n\t<meta property=\"og:image:type\" content=\"image\/jpeg\" \/>\n<meta name=\"author\" content=\"Concejo Deliberante Azul\" \/>\n<meta name=\"twitter:card\" content=\"summary_large_image\" \/>\n<meta name=\"twitter:label1\" content=\"Escrito por\" \/>\n\t<meta name=\"twitter:data1\" content=\"Concejo Deliberante Azul\" \/>\n\t<meta name=\"twitter:label2\" content=\"Tiempo de lectura\" \/>\n\t<meta name=\"twitter:data2\" content=\"9 minutos\" \/>\n<script type=\"application\/ld+json\" class=\"yoast-schema-graph\">{\"@context\":\"https:\\\/\\\/schema.org\",\"@graph\":[{\"@type\":\"Article\",\"@id\":\"https:\\\/\\\/concejodeliberantedeazul.gob.ar\\\/index.php\\\/2022\\\/09\\\/29\\\/el-concejo-deliberante-sesiono-en-cachari\\\/#article\",\"isPartOf\":{\"@id\":\"https:\\\/\\\/concejodeliberantedeazul.gob.ar\\\/index.php\\\/2022\\\/09\\\/29\\\/el-concejo-deliberante-sesiono-en-cachari\\\/\"},\"author\":{\"name\":\"Concejo Deliberante Azul\",\"@id\":\"http:\\\/\\\/concejodeliberantedeazul.gob.ar\\\/#\\\/schema\\\/person\\\/65fd6514aee7c29f008fc53b206198fe\"},\"headline\":\"El Concejo Deliberante sesion\u00f3 en Cachar\u00ed\",\"datePublished\":\"2022-09-29T14:24:17+00:00\",\"dateModified\":\"2022-09-29T14:24:19+00:00\",\"mainEntityOfPage\":{\"@id\":\"https:\\\/\\\/concejodeliberantedeazul.gob.ar\\\/index.php\\\/2022\\\/09\\\/29\\\/el-concejo-deliberante-sesiono-en-cachari\\\/\"},\"wordCount\":1985,\"commentCount\":0,\"image\":{\"@id\":\"https:\\\/\\\/concejodeliberantedeazul.gob.ar\\\/index.php\\\/2022\\\/09\\\/29\\\/el-concejo-deliberante-sesiono-en-cachari\\\/#primaryimage\"},\"thumbnailUrl\":\"http:\\\/\\\/concejodeliberantedeazul.gob.ar\\\/wp-content\\\/uploads\\\/2022\\\/09\\\/20-09-2022-Decimo-Cuarta-Sesion-Ordinaria-scaled.jpg\",\"articleSection\":[\"Noticias\"],\"inLanguage\":\"es-AR\",\"potentialAction\":[{\"@type\":\"CommentAction\",\"name\":\"Comment\",\"target\":[\"https:\\\/\\\/concejodeliberantedeazul.gob.ar\\\/index.php\\\/2022\\\/09\\\/29\\\/el-concejo-deliberante-sesiono-en-cachari\\\/#respond\"]}]},{\"@type\":\"WebPage\",\"@id\":\"https:\\\/\\\/concejodeliberantedeazul.gob.ar\\\/index.php\\\/2022\\\/09\\\/29\\\/el-concejo-deliberante-sesiono-en-cachari\\\/\",\"url\":\"https:\\\/\\\/concejodeliberantedeazul.gob.ar\\\/index.php\\\/2022\\\/09\\\/29\\\/el-concejo-deliberante-sesiono-en-cachari\\\/\",\"name\":\"El Concejo Deliberante sesion\u00f3 en Cachar\u00ed - Concejo deliberante de Azul\",\"isPartOf\":{\"@id\":\"http:\\\/\\\/concejodeliberantedeazul.gob.ar\\\/#website\"},\"primaryImageOfPage\":{\"@id\":\"https:\\\/\\\/concejodeliberantedeazul.gob.ar\\\/index.php\\\/2022\\\/09\\\/29\\\/el-concejo-deliberante-sesiono-en-cachari\\\/#primaryimage\"},\"image\":{\"@id\":\"https:\\\/\\\/concejodeliberantedeazul.gob.ar\\\/index.php\\\/2022\\\/09\\\/29\\\/el-concejo-deliberante-sesiono-en-cachari\\\/#primaryimage\"},\"thumbnailUrl\":\"http:\\\/\\\/concejodeliberantedeazul.gob.ar\\\/wp-content\\\/uploads\\\/2022\\\/09\\\/20-09-2022-Decimo-Cuarta-Sesion-Ordinaria-scaled.jpg\",\"datePublished\":\"2022-09-29T14:24:17+00:00\",\"dateModified\":\"2022-09-29T14:24:19+00:00\",\"author\":{\"@id\":\"http:\\\/\\\/concejodeliberantedeazul.gob.ar\\\/#\\\/schema\\\/person\\\/65fd6514aee7c29f008fc53b206198fe\"},\"breadcrumb\":{\"@id\":\"https:\\\/\\\/concejodeliberantedeazul.gob.ar\\\/index.php\\\/2022\\\/09\\\/29\\\/el-concejo-deliberante-sesiono-en-cachari\\\/#breadcrumb\"},\"inLanguage\":\"es-AR\",\"potentialAction\":[{\"@type\":\"ReadAction\",\"target\":[\"https:\\\/\\\/concejodeliberantedeazul.gob.ar\\\/index.php\\\/2022\\\/09\\\/29\\\/el-concejo-deliberante-sesiono-en-cachari\\\/\"]}]},{\"@type\":\"ImageObject\",\"inLanguage\":\"es-AR\",\"@id\":\"https:\\\/\\\/concejodeliberantedeazul.gob.ar\\\/index.php\\\/2022\\\/09\\\/29\\\/el-concejo-deliberante-sesiono-en-cachari\\\/#primaryimage\",\"url\":\"http:\\\/\\\/concejodeliberantedeazul.gob.ar\\\/wp-content\\\/uploads\\\/2022\\\/09\\\/20-09-2022-Decimo-Cuarta-Sesion-Ordinaria-scaled.jpg\",\"contentUrl\":\"http:\\\/\\\/concejodeliberantedeazul.gob.ar\\\/wp-content\\\/uploads\\\/2022\\\/09\\\/20-09-2022-Decimo-Cuarta-Sesion-Ordinaria-scaled.jpg\",\"width\":2560,\"height\":1466},{\"@type\":\"BreadcrumbList\",\"@id\":\"https:\\\/\\\/concejodeliberantedeazul.gob.ar\\\/index.php\\\/2022\\\/09\\\/29\\\/el-concejo-deliberante-sesiono-en-cachari\\\/#breadcrumb\",\"itemListElement\":[{\"@type\":\"ListItem\",\"position\":1,\"name\":\"Inicio\",\"item\":\"https:\\\/\\\/concejodeliberantedeazul.gob.ar\\\/\"},{\"@type\":\"ListItem\",\"position\":2,\"name\":\"El Concejo Deliberante sesion\u00f3 en Cachar\u00ed\"}]},{\"@type\":\"WebSite\",\"@id\":\"http:\\\/\\\/concejodeliberantedeazul.gob.ar\\\/#website\",\"url\":\"http:\\\/\\\/concejodeliberantedeazul.gob.ar\\\/\",\"name\":\"Concejo deliberante de Azul\",\"description\":\"Sitio Web Oficial del Concejo Deliberante de Azul, Prov. de Buenos Aires - Conformado por 18 concejales de todo el partido.\",\"potentialAction\":[{\"@type\":\"SearchAction\",\"target\":{\"@type\":\"EntryPoint\",\"urlTemplate\":\"http:\\\/\\\/concejodeliberantedeazul.gob.ar\\\/?s={search_term_string}\"},\"query-input\":{\"@type\":\"PropertyValueSpecification\",\"valueRequired\":true,\"valueName\":\"search_term_string\"}}],\"inLanguage\":\"es-AR\"},{\"@type\":\"Person\",\"@id\":\"http:\\\/\\\/concejodeliberantedeazul.gob.ar\\\/#\\\/schema\\\/person\\\/65fd6514aee7c29f008fc53b206198fe\",\"name\":\"Concejo Deliberante Azul\",\"image\":{\"@type\":\"ImageObject\",\"inLanguage\":\"es-AR\",\"@id\":\"https:\\\/\\\/secure.gravatar.com\\\/avatar\\\/30d9ae907861b897be87a25469982f0cfbce09947e0998bf7d9d0ecab450fb85?s=96&d=mm&r=g\",\"url\":\"https:\\\/\\\/secure.gravatar.com\\\/avatar\\\/30d9ae907861b897be87a25469982f0cfbce09947e0998bf7d9d0ecab450fb85?s=96&d=mm&r=g\",\"contentUrl\":\"https:\\\/\\\/secure.gravatar.com\\\/avatar\\\/30d9ae907861b897be87a25469982f0cfbce09947e0998bf7d9d0ecab450fb85?s=96&d=mm&r=g\",\"caption\":\"Concejo Deliberante Azul\"},\"url\":\"http:\\\/\\\/concejodeliberantedeazul.gob.ar\\\/index.php\\\/author\\\/concejo\\\/\"}]}<\/script>\n<!-- \/ Yoast SEO plugin. -->","yoast_head_json":{"title":"El Concejo Deliberante sesion\u00f3 en Cachar\u00ed - Concejo deliberante de Azul","robots":{"index":"index","follow":"follow","max-snippet":"max-snippet:-1","max-image-preview":"max-image-preview:large","max-video-preview":"max-video-preview:-1"},"canonical":"https:\/\/concejodeliberantedeazul.gob.ar\/index.php\/2022\/09\/29\/el-concejo-deliberante-sesiono-en-cachari\/","og_locale":"es_ES","og_type":"article","og_title":"El Concejo Deliberante sesion\u00f3 en Cachar\u00ed - Concejo deliberante de Azul","og_description":"En el marco del 126\u00b0 Aniversario de la Fundaci\u00f3n de Cachar\u00ed, el Concejo Deliberante del partido de Azul realiz\u00f3 la D\u00e9cimo Cuarta Sesi\u00f3n Ordinaria en la mencionada localidad. La misma se llev\u00f3 a cabo en la Biblioteca Popular Alma Fuerte oportunidad en que los concejales dieron tratamiento a un orden del d\u00eda compuesto por 30 [&hellip;]","og_url":"https:\/\/concejodeliberantedeazul.gob.ar\/index.php\/2022\/09\/29\/el-concejo-deliberante-sesiono-en-cachari\/","og_site_name":"Concejo deliberante de Azul","article_published_time":"2022-09-29T14:24:17+00:00","article_modified_time":"2022-09-29T14:24:19+00:00","og_image":[{"width":2560,"height":1466,"url":"https:\/\/concejodeliberantedeazul.gob.ar\/wp-content\/uploads\/2022\/09\/20-09-2022-Decimo-Cuarta-Sesion-Ordinaria-scaled.jpg","type":"image\/jpeg"}],"author":"Concejo Deliberante Azul","twitter_card":"summary_large_image","twitter_misc":{"Escrito por":"Concejo Deliberante Azul","Tiempo de lectura":"9 minutos"},"schema":{"@context":"https:\/\/schema.org","@graph":[{"@type":"Article","@id":"https:\/\/concejodeliberantedeazul.gob.ar\/index.php\/2022\/09\/29\/el-concejo-deliberante-sesiono-en-cachari\/#article","isPartOf":{"@id":"https:\/\/concejodeliberantedeazul.gob.ar\/index.php\/2022\/09\/29\/el-concejo-deliberante-sesiono-en-cachari\/"},"author":{"name":"Concejo Deliberante Azul","@id":"http:\/\/concejodeliberantedeazul.gob.ar\/#\/schema\/person\/65fd6514aee7c29f008fc53b206198fe"},"headline":"El Concejo Deliberante sesion\u00f3 en Cachar\u00ed","datePublished":"2022-09-29T14:24:17+00:00","dateModified":"2022-09-29T14:24:19+00:00","mainEntityOfPage":{"@id":"https:\/\/concejodeliberantedeazul.gob.ar\/index.php\/2022\/09\/29\/el-concejo-deliberante-sesiono-en-cachari\/"},"wordCount":1985,"commentCount":0,"image":{"@id":"https:\/\/concejodeliberantedeazul.gob.ar\/index.php\/2022\/09\/29\/el-concejo-deliberante-sesiono-en-cachari\/#primaryimage"},"thumbnailUrl":"http:\/\/concejodeliberantedeazul.gob.ar\/wp-content\/uploads\/2022\/09\/20-09-2022-Decimo-Cuarta-Sesion-Ordinaria-scaled.jpg","articleSection":["Noticias"],"inLanguage":"es-AR","potentialAction":[{"@type":"CommentAction","name":"Comment","target":["https:\/\/concejodeliberantedeazul.gob.ar\/index.php\/2022\/09\/29\/el-concejo-deliberante-sesiono-en-cachari\/#respond"]}]},{"@type":"WebPage","@id":"https:\/\/concejodeliberantedeazul.gob.ar\/index.php\/2022\/09\/29\/el-concejo-deliberante-sesiono-en-cachari\/","url":"https:\/\/concejodeliberantedeazul.gob.ar\/index.php\/2022\/09\/29\/el-concejo-deliberante-sesiono-en-cachari\/","name":"El Concejo Deliberante sesion\u00f3 en Cachar\u00ed - Concejo deliberante de Azul","isPartOf":{"@id":"http:\/\/concejodeliberantedeazul.gob.ar\/#website"},"primaryImageOfPage":{"@id":"https:\/\/concejodeliberantedeazul.gob.ar\/index.php\/2022\/09\/29\/el-concejo-deliberante-sesiono-en-cachari\/#primaryimage"},"image":{"@id":"https:\/\/concejodeliberantedeazul.gob.ar\/index.php\/2022\/09\/29\/el-concejo-deliberante-sesiono-en-cachari\/#primaryimage"},"thumbnailUrl":"http:\/\/concejodeliberantedeazul.gob.ar\/wp-content\/uploads\/2022\/09\/20-09-2022-Decimo-Cuarta-Sesion-Ordinaria-scaled.jpg","datePublished":"2022-09-29T14:24:17+00:00","dateModified":"2022-09-29T14:24:19+00:00","author":{"@id":"http:\/\/concejodeliberantedeazul.gob.ar\/#\/schema\/person\/65fd6514aee7c29f008fc53b206198fe"},"breadcrumb":{"@id":"https:\/\/concejodeliberantedeazul.gob.ar\/index.php\/2022\/09\/29\/el-concejo-deliberante-sesiono-en-cachari\/#breadcrumb"},"inLanguage":"es-AR","potentialAction":[{"@type":"ReadAction","target":["https:\/\/concejodeliberantedeazul.gob.ar\/index.php\/2022\/09\/29\/el-concejo-deliberante-sesiono-en-cachari\/"]}]},{"@type":"ImageObject","inLanguage":"es-AR","@id":"https:\/\/concejodeliberantedeazul.gob.ar\/index.php\/2022\/09\/29\/el-concejo-deliberante-sesiono-en-cachari\/#primaryimage","url":"http:\/\/concejodeliberantedeazul.gob.ar\/wp-content\/uploads\/2022\/09\/20-09-2022-Decimo-Cuarta-Sesion-Ordinaria-scaled.jpg","contentUrl":"http:\/\/concejodeliberantedeazul.gob.ar\/wp-content\/uploads\/2022\/09\/20-09-2022-Decimo-Cuarta-Sesion-Ordinaria-scaled.jpg","width":2560,"height":1466},{"@type":"BreadcrumbList","@id":"https:\/\/concejodeliberantedeazul.gob.ar\/index.php\/2022\/09\/29\/el-concejo-deliberante-sesiono-en-cachari\/#breadcrumb","itemListElement":[{"@type":"ListItem","position":1,"name":"Inicio","item":"https:\/\/concejodeliberantedeazul.gob.ar\/"},{"@type":"ListItem","position":2,"name":"El Concejo Deliberante sesion\u00f3 en Cachar\u00ed"}]},{"@type":"WebSite","@id":"http:\/\/concejodeliberantedeazul.gob.ar\/#website","url":"http:\/\/concejodeliberantedeazul.gob.ar\/","name":"Concejo deliberante de Azul","description":"Sitio Web Oficial del Concejo Deliberante de Azul, Prov. de Buenos Aires - Conformado por 18 concejales de todo el partido.","potentialAction":[{"@type":"SearchAction","target":{"@type":"EntryPoint","urlTemplate":"http:\/\/concejodeliberantedeazul.gob.ar\/?s={search_term_string}"},"query-input":{"@type":"PropertyValueSpecification","valueRequired":true,"valueName":"search_term_string"}}],"inLanguage":"es-AR"},{"@type":"Person","@id":"http:\/\/concejodeliberantedeazul.gob.ar\/#\/schema\/person\/65fd6514aee7c29f008fc53b206198fe","name":"Concejo Deliberante Azul","image":{"@type":"ImageObject","inLanguage":"es-AR","@id":"https:\/\/secure.gravatar.com\/avatar\/30d9ae907861b897be87a25469982f0cfbce09947e0998bf7d9d0ecab450fb85?s=96&d=mm&r=g","url":"https:\/\/secure.gravatar.com\/avatar\/30d9ae907861b897be87a25469982f0cfbce09947e0998bf7d9d0ecab450fb85?s=96&d=mm&r=g","contentUrl":"https:\/\/secure.gravatar.com\/avatar\/30d9ae907861b897be87a25469982f0cfbce09947e0998bf7d9d0ecab450fb85?s=96&d=mm&r=g","caption":"Concejo Deliberante Azul"},"url":"http:\/\/concejodeliberantedeazul.gob.ar\/index.php\/author\/concejo\/"}]}},"amp_enabled":true,"_links":{"self":[{"href":"http:\/\/concejodeliberantedeazul.gob.ar\/index.php\/wp-json\/wp\/v2\/posts\/1553","targetHints":{"allow":["GET"]}}],"collection":[{"href":"http:\/\/concejodeliberantedeazul.gob.ar\/index.php\/wp-json\/wp\/v2\/posts"}],"about":[{"href":"http:\/\/concejodeliberantedeazul.gob.ar\/index.php\/wp-json\/wp\/v2\/types\/post"}],"author":[{"embeddable":true,"href":"http:\/\/concejodeliberantedeazul.gob.ar\/index.php\/wp-json\/wp\/v2\/users\/2"}],"replies":[{"embeddable":true,"href":"http:\/\/concejodeliberantedeazul.gob.ar\/index.php\/wp-json\/wp\/v2\/comments?post=1553"}],"version-history":[{"count":1,"href":"http:\/\/concejodeliberantedeazul.gob.ar\/index.php\/wp-json\/wp\/v2\/posts\/1553\/revisions"}],"predecessor-version":[{"id":1555,"href":"http:\/\/concejodeliberantedeazul.gob.ar\/index.php\/wp-json\/wp\/v2\/posts\/1553\/revisions\/1555"}],"wp:featuredmedia":[{"embeddable":true,"href":"http:\/\/concejodeliberantedeazul.gob.ar\/index.php\/wp-json\/wp\/v2\/media\/1554"}],"wp:attachment":[{"href":"http:\/\/concejodeliberantedeazul.gob.ar\/index.php\/wp-json\/wp\/v2\/media?parent=1553"}],"wp:term":[{"taxonomy":"category","embeddable":true,"href":"http:\/\/concejodeliberantedeazul.gob.ar\/index.php\/wp-json\/wp\/v2\/categories?post=1553"},{"taxonomy":"post_tag","embeddable":true,"href":"http:\/\/concejodeliberantedeazul.gob.ar\/index.php\/wp-json\/wp\/v2\/tags?post=1553"}],"curies":[{"name":"wp","href":"https:\/\/api.w.org\/{rel}","templated":true}]}}