{"id":1478,"date":"2021-09-01T11:48:03","date_gmt":"2021-09-01T14:48:03","guid":{"rendered":"http:\/\/concejodeliberantedeazul.gob.ar\/?p=1478"},"modified":"2021-09-01T11:48:07","modified_gmt":"2021-09-01T14:48:07","slug":"postergacion-de-la-decimo-tercera-sesion-ordinaria","status":"publish","type":"post","link":"http:\/\/concejodeliberantedeazul.gob.ar\/index.php\/2021\/09\/01\/postergacion-de-la-decimo-tercera-sesion-ordinaria\/","title":{"rendered":"Postergaci\u00f3n de la D\u00e9cimo Tercera Sesi\u00f3n Ordinaria"},"content":{"rendered":"\n<p>Bajo Resoluci\u00f3n 4.577, el Concejo Deliberante del partido de Azul resuelve postergar la celebraci\u00f3n de la D\u00e9cimo Tercera Sesi\u00f3n Ordinaria para el pr\u00f3ximo martes 21 de septiembre, a las 17.30 horas, en oportunidad de celebrarse la D\u00e9cimo Cuarta Sesi\u00f3n Ordinaria.<\/p>\n\n\n\n<p>En la Resoluci\u00f3n se detalla que los motivos de la suspensi\u00f3n est\u00e1n vinculados con el per\u00edodo electoral por el que se est\u00e1 atravesando y la consecuente actividad que eso conlleva para los distintos partidos pol\u00edticos que componen el Cuerpo.<\/p>\n\n\n\n<p>A continuaci\u00f3n la Resoluci\u00f3n correspondiente: <\/p>\n\n\n\n<p><strong><u>RESOLUCI\u00d3N N\u00daMERO 4.577<\/u><\/strong><\/p>\n\n\n\n<p><strong>EXPEDIENTE N\u00ba 14.788\/2021 C.D. (Archivo N\u00ba 261\/2021).&#8212;&#8212;&#8212;&#8212;&#8212;&#8212;&#8212;&#8212;&#8212;&#8212;&#8212;&#8212;<\/strong><\/p>\n\n\n\n<p><strong>VISTA<\/strong> la reuni\u00f3n de la Comisi\u00f3n de Labor Legislativa del Cuerpo, con el consenso de los presidentes de los bloques que la componen, proponen la postergaci\u00f3n de la D\u00e9cimo Tercera Sesi\u00f3n Ordinaria del presente ejercicio.<\/p>\n\n\n\n<p><strong>Y CONSIDERANDO<\/strong><\/p>\n\n\n\n<p>Que los motivos que se esgrimen en la misma est\u00e1n relacionados con el per\u00edodo electoral por el que se est\u00e1 atravesando y la consecuente actividad que eso conlleva para los distintos partidos pol\u00edticos ac\u00e1 representados.<\/p>\n\n\n\n<p>Que siendo dable acceder a tal requerimiento.<\/p>\n\n\n\n<p><strong>POR ELLO, en uso de sus facultades<\/strong><\/p>\n\n\n\n<p><strong>EL PRESIDENTE DEL CONCEJO DELIBERANTE DEL PARTIDO DE AZUL<\/strong><\/p>\n\n\n\n<p><strong><u>RESUELVE<\/u><\/strong><\/p>\n\n\n\n<p><strong><u>PRIMERO.-<\/u><\/strong> POSTERGAR la celebraci\u00f3n de la D\u00e9cimo Tercera Sesi\u00f3n Ordinaria del presente ejercicio, que debiera realizarse el pr\u00f3ximo 07 de septiembre, para el d\u00eda 21 de septiembre de 2021 a las 17.30 horas, en oportunidad de la celebraci\u00f3n de la D\u00e9cimo Cuarta Sesi\u00f3n Ordinaria.<\/p>\n\n\n\n<p><strong><u>SEGUNDO.-<\/u><\/strong> COMUNICAR al Departamento Ejecutivo.<\/p>\n\n\n\n<p>DADA en la ciudad de Azul, provincia de Buenos Aires, a los treinta y \u00fan d\u00edas del mes de agosto de dos mil veintiuno.<\/p>\n\n\n\n<p>31\/08\/2021.-mav.<\/p>\n","protected":false},"excerpt":{"rendered":"<p>Bajo Resoluci\u00f3n 4.577, el Concejo Deliberante del partido de Azul resuelve postergar la celebraci\u00f3n de la D\u00e9cimo Tercera Sesi\u00f3n Ordinaria para el pr\u00f3ximo martes 21 de septiembre, a las 17.30 horas, en oportunidad de celebrarse la D\u00e9cimo Cuarta Sesi\u00f3n Ordinaria. En la Resoluci\u00f3n se detalla que los motivos de la suspensi\u00f3n est\u00e1n vinculados con el [&hellip;]<\/p>\n","protected":false},"author":2,"featured_media":1294,"comment_status":"open","ping_status":"open","sticky":false,"template":"","format":"standard","meta":{"tdm_status":"","tdm_grid_status":"","footnotes":""},"categories":[7],"tags":[],"class_list":{"0":"post-1478","1":"post","2":"type-post","3":"status-publish","4":"format-standard","5":"has-post-thumbnail","7":"category-noticias"},"yoast_head":"<!-- This site is optimized with the Yoast SEO plugin v27.3 - https:\/\/yoast.com\/product\/yoast-seo-wordpress\/ -->\n<title>Postergaci\u00f3n de la D\u00e9cimo Tercera Sesi\u00f3n Ordinaria - Concejo deliberante de Azul<\/title>\n<meta name=\"robots\" content=\"index, follow, max-snippet:-1, max-image-preview:large, max-video-preview:-1\" \/>\n<link rel=\"canonical\" href=\"http:\/\/concejodeliberantedeazul.gob.ar\/index.php\/2021\/09\/01\/postergacion-de-la-decimo-tercera-sesion-ordinaria\/\" \/>\n<meta property=\"og:locale\" content=\"es_ES\" \/>\n<meta property=\"og:type\" content=\"article\" \/>\n<meta property=\"og:title\" content=\"Postergaci\u00f3n de la D\u00e9cimo Tercera Sesi\u00f3n Ordinaria - Concejo deliberante de Azul\" \/>\n<meta property=\"og:description\" content=\"Bajo Resoluci\u00f3n 4.577, el Concejo Deliberante del partido de Azul resuelve postergar la celebraci\u00f3n de la D\u00e9cimo Tercera Sesi\u00f3n Ordinaria para el pr\u00f3ximo martes 21 de septiembre, a las 17.30 horas, en oportunidad de celebrarse la D\u00e9cimo Cuarta Sesi\u00f3n Ordinaria. En la Resoluci\u00f3n se detalla que los motivos de la suspensi\u00f3n est\u00e1n vinculados con el [&hellip;]\" \/>\n<meta property=\"og:url\" content=\"http:\/\/concejodeliberantedeazul.gob.ar\/index.php\/2021\/09\/01\/postergacion-de-la-decimo-tercera-sesion-ordinaria\/\" \/>\n<meta property=\"og:site_name\" content=\"Concejo deliberante de Azul\" \/>\n<meta property=\"article:published_time\" content=\"2021-09-01T14:48:03+00:00\" \/>\n<meta property=\"article:modified_time\" content=\"2021-09-01T14:48:07+00:00\" \/>\n<meta property=\"og:image\" content=\"http:\/\/concejodeliberantedeazul.gob.ar\/wp-content\/uploads\/2020\/07\/IMG_20200707_200101569_HDR-scaled.jpg\" \/>\n\t<meta property=\"og:image:width\" content=\"2560\" \/>\n\t<meta property=\"og:image:height\" content=\"1920\" \/>\n\t<meta property=\"og:image:type\" content=\"image\/jpeg\" \/>\n<meta name=\"author\" content=\"Concejo Deliberante Azul\" \/>\n<meta name=\"twitter:card\" content=\"summary_large_image\" \/>\n<meta name=\"twitter:label1\" content=\"Escrito por\" \/>\n\t<meta name=\"twitter:data1\" content=\"Concejo Deliberante Azul\" \/>\n\t<meta name=\"twitter:label2\" content=\"Tiempo de lectura\" \/>\n\t<meta name=\"twitter:data2\" content=\"2 minutos\" \/>\n<script type=\"application\/ld+json\" class=\"yoast-schema-graph\">{\"@context\":\"https:\\\/\\\/schema.org\",\"@graph\":[{\"@type\":\"Article\",\"@id\":\"http:\\\/\\\/concejodeliberantedeazul.gob.ar\\\/index.php\\\/2021\\\/09\\\/01\\\/postergacion-de-la-decimo-tercera-sesion-ordinaria\\\/#article\",\"isPartOf\":{\"@id\":\"http:\\\/\\\/concejodeliberantedeazul.gob.ar\\\/index.php\\\/2021\\\/09\\\/01\\\/postergacion-de-la-decimo-tercera-sesion-ordinaria\\\/\"},\"author\":{\"name\":\"Concejo Deliberante Azul\",\"@id\":\"http:\\\/\\\/concejodeliberantedeazul.gob.ar\\\/#\\\/schema\\\/person\\\/65fd6514aee7c29f008fc53b206198fe\"},\"headline\":\"Postergaci\u00f3n de la D\u00e9cimo Tercera Sesi\u00f3n Ordinaria\",\"datePublished\":\"2021-09-01T14:48:03+00:00\",\"dateModified\":\"2021-09-01T14:48:07+00:00\",\"mainEntityOfPage\":{\"@id\":\"http:\\\/\\\/concejodeliberantedeazul.gob.ar\\\/index.php\\\/2021\\\/09\\\/01\\\/postergacion-de-la-decimo-tercera-sesion-ordinaria\\\/\"},\"wordCount\":301,\"commentCount\":0,\"image\":{\"@id\":\"http:\\\/\\\/concejodeliberantedeazul.gob.ar\\\/index.php\\\/2021\\\/09\\\/01\\\/postergacion-de-la-decimo-tercera-sesion-ordinaria\\\/#primaryimage\"},\"thumbnailUrl\":\"http:\\\/\\\/concejodeliberantedeazul.gob.ar\\\/wp-content\\\/uploads\\\/2020\\\/07\\\/IMG_20200707_200101569_HDR-scaled.jpg\",\"articleSection\":[\"Noticias\"],\"inLanguage\":\"es-AR\",\"potentialAction\":[{\"@type\":\"CommentAction\",\"name\":\"Comment\",\"target\":[\"http:\\\/\\\/concejodeliberantedeazul.gob.ar\\\/index.php\\\/2021\\\/09\\\/01\\\/postergacion-de-la-decimo-tercera-sesion-ordinaria\\\/#respond\"]}]},{\"@type\":\"WebPage\",\"@id\":\"http:\\\/\\\/concejodeliberantedeazul.gob.ar\\\/index.php\\\/2021\\\/09\\\/01\\\/postergacion-de-la-decimo-tercera-sesion-ordinaria\\\/\",\"url\":\"http:\\\/\\\/concejodeliberantedeazul.gob.ar\\\/index.php\\\/2021\\\/09\\\/01\\\/postergacion-de-la-decimo-tercera-sesion-ordinaria\\\/\",\"name\":\"Postergaci\u00f3n de la D\u00e9cimo Tercera Sesi\u00f3n Ordinaria - Concejo deliberante de Azul\",\"isPartOf\":{\"@id\":\"http:\\\/\\\/concejodeliberantedeazul.gob.ar\\\/#website\"},\"primaryImageOfPage\":{\"@id\":\"http:\\\/\\\/concejodeliberantedeazul.gob.ar\\\/index.php\\\/2021\\\/09\\\/01\\\/postergacion-de-la-decimo-tercera-sesion-ordinaria\\\/#primaryimage\"},\"image\":{\"@id\":\"http:\\\/\\\/concejodeliberantedeazul.gob.ar\\\/index.php\\\/2021\\\/09\\\/01\\\/postergacion-de-la-decimo-tercera-sesion-ordinaria\\\/#primaryimage\"},\"thumbnailUrl\":\"http:\\\/\\\/concejodeliberantedeazul.gob.ar\\\/wp-content\\\/uploads\\\/2020\\\/07\\\/IMG_20200707_200101569_HDR-scaled.jpg\",\"datePublished\":\"2021-09-01T14:48:03+00:00\",\"dateModified\":\"2021-09-01T14:48:07+00:00\",\"author\":{\"@id\":\"http:\\\/\\\/concejodeliberantedeazul.gob.ar\\\/#\\\/schema\\\/person\\\/65fd6514aee7c29f008fc53b206198fe\"},\"breadcrumb\":{\"@id\":\"http:\\\/\\\/concejodeliberantedeazul.gob.ar\\\/index.php\\\/2021\\\/09\\\/01\\\/postergacion-de-la-decimo-tercera-sesion-ordinaria\\\/#breadcrumb\"},\"inLanguage\":\"es-AR\",\"potentialAction\":[{\"@type\":\"ReadAction\",\"target\":[\"http:\\\/\\\/concejodeliberantedeazul.gob.ar\\\/index.php\\\/2021\\\/09\\\/01\\\/postergacion-de-la-decimo-tercera-sesion-ordinaria\\\/\"]}]},{\"@type\":\"ImageObject\",\"inLanguage\":\"es-AR\",\"@id\":\"http:\\\/\\\/concejodeliberantedeazul.gob.ar\\\/index.php\\\/2021\\\/09\\\/01\\\/postergacion-de-la-decimo-tercera-sesion-ordinaria\\\/#primaryimage\",\"url\":\"http:\\\/\\\/concejodeliberantedeazul.gob.ar\\\/wp-content\\\/uploads\\\/2020\\\/07\\\/IMG_20200707_200101569_HDR-scaled.jpg\",\"contentUrl\":\"http:\\\/\\\/concejodeliberantedeazul.gob.ar\\\/wp-content\\\/uploads\\\/2020\\\/07\\\/IMG_20200707_200101569_HDR-scaled.jpg\",\"width\":2560,\"height\":1920},{\"@type\":\"BreadcrumbList\",\"@id\":\"http:\\\/\\\/concejodeliberantedeazul.gob.ar\\\/index.php\\\/2021\\\/09\\\/01\\\/postergacion-de-la-decimo-tercera-sesion-ordinaria\\\/#breadcrumb\",\"itemListElement\":[{\"@type\":\"ListItem\",\"position\":1,\"name\":\"Inicio\",\"item\":\"https:\\\/\\\/concejodeliberantedeazul.gob.ar\\\/\"},{\"@type\":\"ListItem\",\"position\":2,\"name\":\"Postergaci\u00f3n de la D\u00e9cimo Tercera Sesi\u00f3n Ordinaria\"}]},{\"@type\":\"WebSite\",\"@id\":\"http:\\\/\\\/concejodeliberantedeazul.gob.ar\\\/#website\",\"url\":\"http:\\\/\\\/concejodeliberantedeazul.gob.ar\\\/\",\"name\":\"Concejo deliberante de Azul\",\"description\":\"Sitio Web Oficial del Concejo Deliberante de Azul, Prov. de Buenos Aires - Conformado por 18 concejales de todo el partido.\",\"potentialAction\":[{\"@type\":\"SearchAction\",\"target\":{\"@type\":\"EntryPoint\",\"urlTemplate\":\"http:\\\/\\\/concejodeliberantedeazul.gob.ar\\\/?s={search_term_string}\"},\"query-input\":{\"@type\":\"PropertyValueSpecification\",\"valueRequired\":true,\"valueName\":\"search_term_string\"}}],\"inLanguage\":\"es-AR\"},{\"@type\":\"Person\",\"@id\":\"http:\\\/\\\/concejodeliberantedeazul.gob.ar\\\/#\\\/schema\\\/person\\\/65fd6514aee7c29f008fc53b206198fe\",\"name\":\"Concejo Deliberante Azul\",\"image\":{\"@type\":\"ImageObject\",\"inLanguage\":\"es-AR\",\"@id\":\"https:\\\/\\\/secure.gravatar.com\\\/avatar\\\/30d9ae907861b897be87a25469982f0cfbce09947e0998bf7d9d0ecab450fb85?s=96&d=mm&r=g\",\"url\":\"https:\\\/\\\/secure.gravatar.com\\\/avatar\\\/30d9ae907861b897be87a25469982f0cfbce09947e0998bf7d9d0ecab450fb85?s=96&d=mm&r=g\",\"contentUrl\":\"https:\\\/\\\/secure.gravatar.com\\\/avatar\\\/30d9ae907861b897be87a25469982f0cfbce09947e0998bf7d9d0ecab450fb85?s=96&d=mm&r=g\",\"caption\":\"Concejo Deliberante Azul\"},\"url\":\"http:\\\/\\\/concejodeliberantedeazul.gob.ar\\\/index.php\\\/author\\\/concejo\\\/\"}]}<\/script>\n<!-- \/ Yoast SEO plugin. -->","yoast_head_json":{"title":"Postergaci\u00f3n de la D\u00e9cimo Tercera Sesi\u00f3n Ordinaria - Concejo deliberante de Azul","robots":{"index":"index","follow":"follow","max-snippet":"max-snippet:-1","max-image-preview":"max-image-preview:large","max-video-preview":"max-video-preview:-1"},"canonical":"http:\/\/concejodeliberantedeazul.gob.ar\/index.php\/2021\/09\/01\/postergacion-de-la-decimo-tercera-sesion-ordinaria\/","og_locale":"es_ES","og_type":"article","og_title":"Postergaci\u00f3n de la D\u00e9cimo Tercera Sesi\u00f3n Ordinaria - Concejo deliberante de Azul","og_description":"Bajo Resoluci\u00f3n 4.577, el Concejo Deliberante del partido de Azul resuelve postergar la celebraci\u00f3n de la D\u00e9cimo Tercera Sesi\u00f3n Ordinaria para el pr\u00f3ximo martes 21 de septiembre, a las 17.30 horas, en oportunidad de celebrarse la D\u00e9cimo Cuarta Sesi\u00f3n Ordinaria. En la Resoluci\u00f3n se detalla que los motivos de la suspensi\u00f3n est\u00e1n vinculados con el [&hellip;]","og_url":"http:\/\/concejodeliberantedeazul.gob.ar\/index.php\/2021\/09\/01\/postergacion-de-la-decimo-tercera-sesion-ordinaria\/","og_site_name":"Concejo deliberante de Azul","article_published_time":"2021-09-01T14:48:03+00:00","article_modified_time":"2021-09-01T14:48:07+00:00","og_image":[{"width":2560,"height":1920,"url":"http:\/\/concejodeliberantedeazul.gob.ar\/wp-content\/uploads\/2020\/07\/IMG_20200707_200101569_HDR-scaled.jpg","type":"image\/jpeg"}],"author":"Concejo Deliberante Azul","twitter_card":"summary_large_image","twitter_misc":{"Escrito por":"Concejo Deliberante Azul","Tiempo de lectura":"2 minutos"},"schema":{"@context":"https:\/\/schema.org","@graph":[{"@type":"Article","@id":"http:\/\/concejodeliberantedeazul.gob.ar\/index.php\/2021\/09\/01\/postergacion-de-la-decimo-tercera-sesion-ordinaria\/#article","isPartOf":{"@id":"http:\/\/concejodeliberantedeazul.gob.ar\/index.php\/2021\/09\/01\/postergacion-de-la-decimo-tercera-sesion-ordinaria\/"},"author":{"name":"Concejo Deliberante Azul","@id":"http:\/\/concejodeliberantedeazul.gob.ar\/#\/schema\/person\/65fd6514aee7c29f008fc53b206198fe"},"headline":"Postergaci\u00f3n de la D\u00e9cimo Tercera Sesi\u00f3n Ordinaria","datePublished":"2021-09-01T14:48:03+00:00","dateModified":"2021-09-01T14:48:07+00:00","mainEntityOfPage":{"@id":"http:\/\/concejodeliberantedeazul.gob.ar\/index.php\/2021\/09\/01\/postergacion-de-la-decimo-tercera-sesion-ordinaria\/"},"wordCount":301,"commentCount":0,"image":{"@id":"http:\/\/concejodeliberantedeazul.gob.ar\/index.php\/2021\/09\/01\/postergacion-de-la-decimo-tercera-sesion-ordinaria\/#primaryimage"},"thumbnailUrl":"http:\/\/concejodeliberantedeazul.gob.ar\/wp-content\/uploads\/2020\/07\/IMG_20200707_200101569_HDR-scaled.jpg","articleSection":["Noticias"],"inLanguage":"es-AR","potentialAction":[{"@type":"CommentAction","name":"Comment","target":["http:\/\/concejodeliberantedeazul.gob.ar\/index.php\/2021\/09\/01\/postergacion-de-la-decimo-tercera-sesion-ordinaria\/#respond"]}]},{"@type":"WebPage","@id":"http:\/\/concejodeliberantedeazul.gob.ar\/index.php\/2021\/09\/01\/postergacion-de-la-decimo-tercera-sesion-ordinaria\/","url":"http:\/\/concejodeliberantedeazul.gob.ar\/index.php\/2021\/09\/01\/postergacion-de-la-decimo-tercera-sesion-ordinaria\/","name":"Postergaci\u00f3n de la D\u00e9cimo Tercera Sesi\u00f3n Ordinaria - Concejo deliberante de Azul","isPartOf":{"@id":"http:\/\/concejodeliberantedeazul.gob.ar\/#website"},"primaryImageOfPage":{"@id":"http:\/\/concejodeliberantedeazul.gob.ar\/index.php\/2021\/09\/01\/postergacion-de-la-decimo-tercera-sesion-ordinaria\/#primaryimage"},"image":{"@id":"http:\/\/concejodeliberantedeazul.gob.ar\/index.php\/2021\/09\/01\/postergacion-de-la-decimo-tercera-sesion-ordinaria\/#primaryimage"},"thumbnailUrl":"http:\/\/concejodeliberantedeazul.gob.ar\/wp-content\/uploads\/2020\/07\/IMG_20200707_200101569_HDR-scaled.jpg","datePublished":"2021-09-01T14:48:03+00:00","dateModified":"2021-09-01T14:48:07+00:00","author":{"@id":"http:\/\/concejodeliberantedeazul.gob.ar\/#\/schema\/person\/65fd6514aee7c29f008fc53b206198fe"},"breadcrumb":{"@id":"http:\/\/concejodeliberantedeazul.gob.ar\/index.php\/2021\/09\/01\/postergacion-de-la-decimo-tercera-sesion-ordinaria\/#breadcrumb"},"inLanguage":"es-AR","potentialAction":[{"@type":"ReadAction","target":["http:\/\/concejodeliberantedeazul.gob.ar\/index.php\/2021\/09\/01\/postergacion-de-la-decimo-tercera-sesion-ordinaria\/"]}]},{"@type":"ImageObject","inLanguage":"es-AR","@id":"http:\/\/concejodeliberantedeazul.gob.ar\/index.php\/2021\/09\/01\/postergacion-de-la-decimo-tercera-sesion-ordinaria\/#primaryimage","url":"http:\/\/concejodeliberantedeazul.gob.ar\/wp-content\/uploads\/2020\/07\/IMG_20200707_200101569_HDR-scaled.jpg","contentUrl":"http:\/\/concejodeliberantedeazul.gob.ar\/wp-content\/uploads\/2020\/07\/IMG_20200707_200101569_HDR-scaled.jpg","width":2560,"height":1920},{"@type":"BreadcrumbList","@id":"http:\/\/concejodeliberantedeazul.gob.ar\/index.php\/2021\/09\/01\/postergacion-de-la-decimo-tercera-sesion-ordinaria\/#breadcrumb","itemListElement":[{"@type":"ListItem","position":1,"name":"Inicio","item":"https:\/\/concejodeliberantedeazul.gob.ar\/"},{"@type":"ListItem","position":2,"name":"Postergaci\u00f3n de la D\u00e9cimo Tercera Sesi\u00f3n Ordinaria"}]},{"@type":"WebSite","@id":"http:\/\/concejodeliberantedeazul.gob.ar\/#website","url":"http:\/\/concejodeliberantedeazul.gob.ar\/","name":"Concejo deliberante de Azul","description":"Sitio Web Oficial del Concejo Deliberante de Azul, Prov. de Buenos Aires - Conformado por 18 concejales de todo el partido.","potentialAction":[{"@type":"SearchAction","target":{"@type":"EntryPoint","urlTemplate":"http:\/\/concejodeliberantedeazul.gob.ar\/?s={search_term_string}"},"query-input":{"@type":"PropertyValueSpecification","valueRequired":true,"valueName":"search_term_string"}}],"inLanguage":"es-AR"},{"@type":"Person","@id":"http:\/\/concejodeliberantedeazul.gob.ar\/#\/schema\/person\/65fd6514aee7c29f008fc53b206198fe","name":"Concejo Deliberante Azul","image":{"@type":"ImageObject","inLanguage":"es-AR","@id":"https:\/\/secure.gravatar.com\/avatar\/30d9ae907861b897be87a25469982f0cfbce09947e0998bf7d9d0ecab450fb85?s=96&d=mm&r=g","url":"https:\/\/secure.gravatar.com\/avatar\/30d9ae907861b897be87a25469982f0cfbce09947e0998bf7d9d0ecab450fb85?s=96&d=mm&r=g","contentUrl":"https:\/\/secure.gravatar.com\/avatar\/30d9ae907861b897be87a25469982f0cfbce09947e0998bf7d9d0ecab450fb85?s=96&d=mm&r=g","caption":"Concejo Deliberante Azul"},"url":"http:\/\/concejodeliberantedeazul.gob.ar\/index.php\/author\/concejo\/"}]}},"amp_enabled":true,"_links":{"self":[{"href":"http:\/\/concejodeliberantedeazul.gob.ar\/index.php\/wp-json\/wp\/v2\/posts\/1478","targetHints":{"allow":["GET"]}}],"collection":[{"href":"http:\/\/concejodeliberantedeazul.gob.ar\/index.php\/wp-json\/wp\/v2\/posts"}],"about":[{"href":"http:\/\/concejodeliberantedeazul.gob.ar\/index.php\/wp-json\/wp\/v2\/types\/post"}],"author":[{"embeddable":true,"href":"http:\/\/concejodeliberantedeazul.gob.ar\/index.php\/wp-json\/wp\/v2\/users\/2"}],"replies":[{"embeddable":true,"href":"http:\/\/concejodeliberantedeazul.gob.ar\/index.php\/wp-json\/wp\/v2\/comments?post=1478"}],"version-history":[{"count":1,"href":"http:\/\/concejodeliberantedeazul.gob.ar\/index.php\/wp-json\/wp\/v2\/posts\/1478\/revisions"}],"predecessor-version":[{"id":1479,"href":"http:\/\/concejodeliberantedeazul.gob.ar\/index.php\/wp-json\/wp\/v2\/posts\/1478\/revisions\/1479"}],"wp:featuredmedia":[{"embeddable":true,"href":"http:\/\/concejodeliberantedeazul.gob.ar\/index.php\/wp-json\/wp\/v2\/media\/1294"}],"wp:attachment":[{"href":"http:\/\/concejodeliberantedeazul.gob.ar\/index.php\/wp-json\/wp\/v2\/media?parent=1478"}],"wp:term":[{"taxonomy":"category","embeddable":true,"href":"http:\/\/concejodeliberantedeazul.gob.ar\/index.php\/wp-json\/wp\/v2\/categories?post=1478"},{"taxonomy":"post_tag","embeddable":true,"href":"http:\/\/concejodeliberantedeazul.gob.ar\/index.php\/wp-json\/wp\/v2\/tags?post=1478"}],"curies":[{"name":"wp","href":"https:\/\/api.w.org\/{rel}","templated":true}]}}