{"id":1329,"date":"2020-08-21T10:17:55","date_gmt":"2020-08-21T13:17:55","guid":{"rendered":"http:\/\/concejodeliberantedeazul.gob.ar\/?p=1329"},"modified":"2020-08-21T10:48:27","modified_gmt":"2020-08-21T13:48:27","slug":"decimo-segunda-sesion-ordinaria","status":"publish","type":"post","link":"http:\/\/concejodeliberantedeazul.gob.ar\/index.php\/2020\/08\/21\/decimo-segunda-sesion-ordinaria\/","title":{"rendered":"D\u00e9cimo Segunda Sesi\u00f3n Ordinaria"},"content":{"rendered":"\n<p>Este martes,\n25 de Agosto, a las 18 horas, se celebrar\u00e1 la D\u00e9cimo Segunda Sesi\u00f3n Ordinaria,\nejercicio 2020, del Concejo Deliberante del partido de Azul. <\/p>\n\n\n\n<p>El orden del\nd\u00eda cuenta con 21 puntos entre los que se destacan 2 expedientes elevados por\nel Intendente Municipal; 10 despachos de las diferentes Comisiones y 11\nproyectos de los bloques pol\u00edticos que componen el Poder Legislativo. <\/p>\n\n\n\n<p>A\ncontinuaci\u00f3n los puntos a tratar: <\/p>\n\n\n\n<ol class=\"wp-block-list\"><li>Lectura\nde Notas Recibidas.<\/li><li><strong>Expte.\n\u201cIM\u201d 127\/2020. INTENDENTE MUNICIPAL<\/strong>.\nEleva proyecto de Resoluci\u00f3n ref. Manifestar acompa\u00f1amiento de este Cuerpo a\nlas acciones llevadas a cabo con diferentes municipios de la PBA, a fin de\nsolicitar al Ente Nacional Regulador del Gas (ENARGAS) la recategorizaci\u00f3n de\nla tarifa del servicio de gas natural como zona fr\u00eda de la Argentina. <\/li><li><strong>Expte.\n\u201cS\u201d 1.481\/2020. INTENDENTE MUNICIPAL<\/strong>.\nEleva actuaciones iniciadas por la Secretar\u00eda de Infraestructura, Obras y\nServicios P\u00fablicos, con proyecto de Ordenanza ref. Derogar la Ordenanza N\u00ba\n4.218\/2018; y autorizar al Departamento Ejecutivo a otorgar la concesi\u00f3n de uso\ny explotaci\u00f3n del sector de confiter\u00eda del parque municipal \u201cDomingo F.\nSarmiento\u201d.<\/li><li><strong>Expte.\n\u201cA\u201d 184\/2018. DESPACHO DE LA COMISI\u00d3N DE PRESUPUESTO Y HACIENDA<\/strong>, aconsejando la aprobaci\u00f3n del\nproyecto de Ordenanza ref. Condonar la deuda que, en concepto de Tasa Urbana,\nmantiene la Iglesia Evang\u00e9lica \u201cAsamblea Cristiana\u201d con este Municipio, por\ninmueble de su propiedad. <\/li><li><strong>Expte.\n\u201cC\u201d 2.050\/2019. DESPACHO DE LA COMISI\u00d3N DE PRESUPUESTO Y HACIENDA<\/strong>, aconsejando la aprobaci\u00f3n del\nproyecto de Ordenanza ref. Autorizar al Departamento Ejecutivo a registrar como\ndeuda y pagar como gasto de ejercicios anteriores, en favor del Centro\nTradicionalista \u201cFort\u00edn del Azul\u201d, el importe correspondiente en concepto de\nalquiler de instalaciones.<\/li><li><strong>Expte.\n\u201cS\u201d 1.223\/2020. DESPACHO DE LA COMISI\u00d3N DE PRESUPUESTO Y HACIENDA<\/strong>, aconsejando la aprobaci\u00f3n del\nproyecto de Ordenanza ref. Autorizar al Departamento Ejecutivo a dar de baja\ndefinitiva bien obsoleto de la Oficina de Compras municipal. <\/li><li><strong>Expte.\n\u201cS\u201d 1.268\/2020. DESPACHO DE LA COMISI\u00d3N DE PRESUPUESTO Y HACIENDA<\/strong>, aconsejando la aprobaci\u00f3n del\nproyecto de Ordenanza ref. Autorizar al Departamento Ejecutivo a dar de baja\ndefinitiva bienes obsoletos pertenecientes a la Casa del Ni\u00f1o. <\/li><li><strong>Expte.\nN\u00ba 14.375\/2020 C.D. DESPACHO DE LA COMISI\u00d3N DE PRESUPUESTO Y HACIENDA<\/strong>, con proyecto de Resoluci\u00f3n ref.\nGirar al Departamento Ejecutivo las presentes actuaciones, a los efectos de que\nse eval\u00fae e informe sobre la factibilidad del requerimiento del vecino Motille,\ncon relaci\u00f3n a la exenci\u00f3n y\/o condonaci\u00f3n de deuda por inmueble de su\npropiedad. <\/li><li><strong>Expte.\n\u201cIM\u201d 110\/2020. DESPACHO DE LA COMISI\u00d3N DE PRESUPUESTO Y HACIENDA<\/strong>, aconsejando el archivo de las\npresentes actuaciones (INTENDENTE MUNICIPAL. Remite copia del Decreto N\u00ba\n695\/2020 que crea y ampl\u00eda partidas presupuestarias de las distintas\njurisdicciones, a efectos de cumplir con la modificaci\u00f3n de la Estructura\nOrg\u00e1nico Funcional). <\/li><li><strong>Expte.\nN\u00ba 13.736\/2019 C.D. DESPACHO DE LA COMISI\u00d3N DE PRESUPUESTO Y HACIENDA<\/strong>, aconsejando el archivo de las\npresentes actuaciones (PRESIDENTE DEL PARTIDO JUSTICIALISTA. Eleva nota\nsolicitando que se tomen las medidas necesarias para retrotraer las tasas\nmunicipales a enero de 2018).<\/li><li><strong>Expte. N\u00ba 13.743\/2019 C.D. DESPACHO DE\nLA COMISI\u00d3N DE PRESUPUESTO Y HACIENDA<\/strong>,\naconsejando el archivo de las presentes actuaciones (VECINOS DEL PARTIDO DE\nAZUL. Elevan nota solicitando se revise el Cap\u00edtulo 1, Art\u00edculo 2\u00ba, Punto 3 de\nla Ordenanza Impositiva N\u00ba 4.275\/2018).<\/li><li><strong>Expte.\nN\u00ba 14.102\/2019 C.D. DESPACHO DE LA COMISI\u00d3N DE PRESUPUESTO Y HACIENDA<\/strong>, aconsejando el archivo de las\npresentes actuaciones (CENTRO DE ALMACENEROS. Eleva nota solicitando que se les\notorgue a los comerciantes del rubro un alivio fiscal con respecto a la Tasa\npor Inspecci\u00f3n de Seguridad e Higiene).<\/li><li><strong>Expte.\nN\u00ba 14.265\/2020 C.D. DESPACHO DE LA COMISI\u00d3N DE ACCI\u00d3N SOCIAL, CULTURA,\nEDUCACI\u00d3N Y DEPORTES<\/strong>,\naconsejando el archivo de las presentes actuaciones (PLENARIO DE COMISIONES\nVECINALES. Eleva nota solicitando una reuni\u00f3n con el Cuerpo, a los efectos de\ntratar la emergencia social en el marco del Covid-19).<\/li><li><strong>Expte.\nN\u00ba 14.424\/2020 C.D. CONCEJALES INTEGRANTES DEL BLOQUE JUNTOS POR EL CAMBIO<\/strong>. Elevan proyecto de Resoluci\u00f3n ref.\nDeclarar de Inter\u00e9s Comunitario y Tur\u00edstico la producci\u00f3n de trufas y la labor\nproductiva y consultiva del Ing. Agr\u00f3nomo Omar B. Peroggi. <\/li><li><strong>Expte.\nN\u00ba 14.425\/2020 C.D. BLOQUE AZULE\u00d1OS PARA EL CAMBIO<\/strong>. Eleva proyecto de Resoluci\u00f3n ref.\nSolicitar al se\u00f1or Intendente Municipal que articule y coordine acciones\ntendientes a prevenir y evitar la propagaci\u00f3n del coronavirus en el partido de\nAzul.<\/li><li><strong>Expte.\nN\u00ba 14.426\/2020 C.D.<\/strong> <strong>BLOQUE AZULE\u00d1OS PARA EL CAMBIO<\/strong>. Eleva\nproyecto de Resoluci\u00f3n ref. Solicitar al Departamento Ejecutivo que informe si\ntiene programado darle alg\u00fan fin espec\u00edfico a la zona comprendida entre avenida\nMujica, Calle 3, Rauch y Arenales; as\u00ed como encomendarle la concreci\u00f3n de un\nespacio de esparcimiento en la mencionada zona. <\/li><li><strong>Expte.\nN\u00ba 14.427\/2020 C.D. BLOQUE AZULE\u00d1OS PARA EL CAMBIO<\/strong>. Eleva proyecto de Resoluci\u00f3n ref.\nSolicitar al Congreso de la Naci\u00f3n y a la Legislatura de la PBA el r\u00e1pido\ntratamiento y sanci\u00f3n de los proyectos de ley relacionados con la tem\u00e1tica del <em>Grooming<\/em>. <\/li><li><strong>Expte.\nN\u00ba 14.428\/2020 C.D. CONCEJALES INTEGRANTES DEL BLOQUE FRENTE DE TODOS<\/strong>. Elevan proyecto de Resoluci\u00f3n ref.\nSolicitar al Departamento Ejecutivo que permita el egreso vehicular en la\navenida Juan B. Justo; y que arbitre los medios necesarios para efectuar los\ncontroles que crea convenientes. <\/li><li><strong>Expte.\nN\u00ba 14.429\/2020 C.D. CONCEJALES INTEGRANTES DEL BLOQUE JUNTOS POR EL CAMBIO<\/strong>. Elevan proyecto de Comunicaci\u00f3n ref.\nSolicitar a la Direcci\u00f3n Provincial de Saneamiento y Obras Hidr\u00e1ulicas que\ninforme a este Cuerpo sobre la factibilidad de la construcci\u00f3n de un puente\nvehicular de doble mano en la intersecci\u00f3n del Arroyo Azul y calle Bogliano de\nnuestra ciudad. <\/li><li><strong>Expte.\nN\u00ba 14.430\/2020 C.D. CONCEJALES INTEGRANTES DEL BLOQUE JUNTOS POR EL CAMBIO<\/strong>. Elevan proyecto de Resoluci\u00f3n ref.\nSolicitar al se\u00f1or Presidente de la Naci\u00f3n que env\u00ede de manera urgente al\nCongreso de la Naci\u00f3n el proyecto de ley de Interrupci\u00f3n Voluntaria del Embarazo\n(IVE). <\/li><li><strong>Expte.\nN\u00b0 14.431\/2020 C.D. CONCEJALES DEL PARTIDO DE AZUL.<\/strong> Elevan proyecto de Resoluci\u00f3n ref.\nSolicitar al se\u00f1or Intendente Municipal que ejecute los trabajos necesarios que\npermitan poner en valor la \u201cPlazoleta Cnel. Pedro Burgos\u201d, ubicada en el\nlateral Este del Palacio Municipal.<\/li><\/ol>\n","protected":false},"excerpt":{"rendered":"<p>Este martes, 25 de Agosto, a las 18 horas, se celebrar\u00e1 la D\u00e9cimo Segunda Sesi\u00f3n Ordinaria, ejercicio 2020, del Concejo Deliberante del partido de Azul. El orden del d\u00eda cuenta con 21 puntos entre los que se destacan 2 expedientes elevados por el Intendente Municipal; 10 despachos de las diferentes Comisiones y 11 proyectos de [&hellip;]<\/p>\n","protected":false},"author":2,"featured_media":1302,"comment_status":"open","ping_status":"open","sticky":false,"template":"","format":"standard","meta":{"tdm_status":"","tdm_grid_status":"","footnotes":""},"categories":[7],"tags":[],"class_list":{"0":"post-1329","1":"post","2":"type-post","3":"status-publish","4":"format-standard","5":"has-post-thumbnail","7":"category-noticias"},"yoast_head":"<!-- This site is optimized with the Yoast SEO plugin v27.3 - https:\/\/yoast.com\/product\/yoast-seo-wordpress\/ -->\n<title>D\u00e9cimo Segunda Sesi\u00f3n Ordinaria - Concejo deliberante de Azul<\/title>\n<meta name=\"robots\" content=\"index, follow, max-snippet:-1, max-image-preview:large, max-video-preview:-1\" \/>\n<link rel=\"canonical\" href=\"http:\/\/concejodeliberantedeazul.gob.ar\/index.php\/2020\/08\/21\/decimo-segunda-sesion-ordinaria\/\" \/>\n<meta property=\"og:locale\" content=\"es_ES\" \/>\n<meta property=\"og:type\" content=\"article\" \/>\n<meta property=\"og:title\" content=\"D\u00e9cimo Segunda Sesi\u00f3n Ordinaria - Concejo deliberante de Azul\" \/>\n<meta property=\"og:description\" content=\"Este martes, 25 de Agosto, a las 18 horas, se celebrar\u00e1 la D\u00e9cimo Segunda Sesi\u00f3n Ordinaria, ejercicio 2020, del Concejo Deliberante del partido de Azul. El orden del d\u00eda cuenta con 21 puntos entre los que se destacan 2 expedientes elevados por el Intendente Municipal; 10 despachos de las diferentes Comisiones y 11 proyectos de [&hellip;]\" \/>\n<meta property=\"og:url\" content=\"http:\/\/concejodeliberantedeazul.gob.ar\/index.php\/2020\/08\/21\/decimo-segunda-sesion-ordinaria\/\" \/>\n<meta property=\"og:site_name\" content=\"Concejo deliberante de Azul\" \/>\n<meta property=\"article:published_time\" content=\"2020-08-21T13:17:55+00:00\" \/>\n<meta property=\"article:modified_time\" content=\"2020-08-21T13:48:27+00:00\" \/>\n<meta property=\"og:image\" content=\"http:\/\/concejodeliberantedeazul.gob.ar\/wp-content\/uploads\/2020\/08\/01-06-2020-Rendici\u00f3n-de-Cuentas-scaled.jpg\" \/>\n\t<meta property=\"og:image:width\" content=\"2560\" \/>\n\t<meta property=\"og:image:height\" content=\"1920\" \/>\n\t<meta property=\"og:image:type\" content=\"image\/jpeg\" \/>\n<meta name=\"author\" content=\"Concejo Deliberante Azul\" \/>\n<meta name=\"twitter:card\" content=\"summary_large_image\" \/>\n<meta name=\"twitter:label1\" content=\"Escrito por\" \/>\n\t<meta name=\"twitter:data1\" content=\"Concejo Deliberante Azul\" \/>\n\t<meta name=\"twitter:label2\" content=\"Tiempo de lectura\" \/>\n\t<meta name=\"twitter:data2\" content=\"5 minutos\" \/>\n<script type=\"application\/ld+json\" class=\"yoast-schema-graph\">{\"@context\":\"https:\\\/\\\/schema.org\",\"@graph\":[{\"@type\":\"Article\",\"@id\":\"http:\\\/\\\/concejodeliberantedeazul.gob.ar\\\/index.php\\\/2020\\\/08\\\/21\\\/decimo-segunda-sesion-ordinaria\\\/#article\",\"isPartOf\":{\"@id\":\"http:\\\/\\\/concejodeliberantedeazul.gob.ar\\\/index.php\\\/2020\\\/08\\\/21\\\/decimo-segunda-sesion-ordinaria\\\/\"},\"author\":{\"name\":\"Concejo Deliberante Azul\",\"@id\":\"http:\\\/\\\/concejodeliberantedeazul.gob.ar\\\/#\\\/schema\\\/person\\\/65fd6514aee7c29f008fc53b206198fe\"},\"headline\":\"D\u00e9cimo Segunda Sesi\u00f3n Ordinaria\",\"datePublished\":\"2020-08-21T13:17:55+00:00\",\"dateModified\":\"2020-08-21T13:48:27+00:00\",\"mainEntityOfPage\":{\"@id\":\"http:\\\/\\\/concejodeliberantedeazul.gob.ar\\\/index.php\\\/2020\\\/08\\\/21\\\/decimo-segunda-sesion-ordinaria\\\/\"},\"wordCount\":1047,\"commentCount\":0,\"image\":{\"@id\":\"http:\\\/\\\/concejodeliberantedeazul.gob.ar\\\/index.php\\\/2020\\\/08\\\/21\\\/decimo-segunda-sesion-ordinaria\\\/#primaryimage\"},\"thumbnailUrl\":\"http:\\\/\\\/concejodeliberantedeazul.gob.ar\\\/wp-content\\\/uploads\\\/2020\\\/08\\\/01-06-2020-Rendici\u00f3n-de-Cuentas-scaled.jpg\",\"articleSection\":[\"Noticias\"],\"inLanguage\":\"es-AR\",\"potentialAction\":[{\"@type\":\"CommentAction\",\"name\":\"Comment\",\"target\":[\"http:\\\/\\\/concejodeliberantedeazul.gob.ar\\\/index.php\\\/2020\\\/08\\\/21\\\/decimo-segunda-sesion-ordinaria\\\/#respond\"]}]},{\"@type\":\"WebPage\",\"@id\":\"http:\\\/\\\/concejodeliberantedeazul.gob.ar\\\/index.php\\\/2020\\\/08\\\/21\\\/decimo-segunda-sesion-ordinaria\\\/\",\"url\":\"http:\\\/\\\/concejodeliberantedeazul.gob.ar\\\/index.php\\\/2020\\\/08\\\/21\\\/decimo-segunda-sesion-ordinaria\\\/\",\"name\":\"D\u00e9cimo Segunda Sesi\u00f3n Ordinaria - Concejo deliberante de Azul\",\"isPartOf\":{\"@id\":\"http:\\\/\\\/concejodeliberantedeazul.gob.ar\\\/#website\"},\"primaryImageOfPage\":{\"@id\":\"http:\\\/\\\/concejodeliberantedeazul.gob.ar\\\/index.php\\\/2020\\\/08\\\/21\\\/decimo-segunda-sesion-ordinaria\\\/#primaryimage\"},\"image\":{\"@id\":\"http:\\\/\\\/concejodeliberantedeazul.gob.ar\\\/index.php\\\/2020\\\/08\\\/21\\\/decimo-segunda-sesion-ordinaria\\\/#primaryimage\"},\"thumbnailUrl\":\"http:\\\/\\\/concejodeliberantedeazul.gob.ar\\\/wp-content\\\/uploads\\\/2020\\\/08\\\/01-06-2020-Rendici\u00f3n-de-Cuentas-scaled.jpg\",\"datePublished\":\"2020-08-21T13:17:55+00:00\",\"dateModified\":\"2020-08-21T13:48:27+00:00\",\"author\":{\"@id\":\"http:\\\/\\\/concejodeliberantedeazul.gob.ar\\\/#\\\/schema\\\/person\\\/65fd6514aee7c29f008fc53b206198fe\"},\"breadcrumb\":{\"@id\":\"http:\\\/\\\/concejodeliberantedeazul.gob.ar\\\/index.php\\\/2020\\\/08\\\/21\\\/decimo-segunda-sesion-ordinaria\\\/#breadcrumb\"},\"inLanguage\":\"es-AR\",\"potentialAction\":[{\"@type\":\"ReadAction\",\"target\":[\"http:\\\/\\\/concejodeliberantedeazul.gob.ar\\\/index.php\\\/2020\\\/08\\\/21\\\/decimo-segunda-sesion-ordinaria\\\/\"]}]},{\"@type\":\"ImageObject\",\"inLanguage\":\"es-AR\",\"@id\":\"http:\\\/\\\/concejodeliberantedeazul.gob.ar\\\/index.php\\\/2020\\\/08\\\/21\\\/decimo-segunda-sesion-ordinaria\\\/#primaryimage\",\"url\":\"http:\\\/\\\/concejodeliberantedeazul.gob.ar\\\/wp-content\\\/uploads\\\/2020\\\/08\\\/01-06-2020-Rendici\u00f3n-de-Cuentas-scaled.jpg\",\"contentUrl\":\"http:\\\/\\\/concejodeliberantedeazul.gob.ar\\\/wp-content\\\/uploads\\\/2020\\\/08\\\/01-06-2020-Rendici\u00f3n-de-Cuentas-scaled.jpg\",\"width\":2560,\"height\":1920},{\"@type\":\"BreadcrumbList\",\"@id\":\"http:\\\/\\\/concejodeliberantedeazul.gob.ar\\\/index.php\\\/2020\\\/08\\\/21\\\/decimo-segunda-sesion-ordinaria\\\/#breadcrumb\",\"itemListElement\":[{\"@type\":\"ListItem\",\"position\":1,\"name\":\"Inicio\",\"item\":\"https:\\\/\\\/concejodeliberantedeazul.gob.ar\\\/\"},{\"@type\":\"ListItem\",\"position\":2,\"name\":\"D\u00e9cimo Segunda Sesi\u00f3n Ordinaria\"}]},{\"@type\":\"WebSite\",\"@id\":\"http:\\\/\\\/concejodeliberantedeazul.gob.ar\\\/#website\",\"url\":\"http:\\\/\\\/concejodeliberantedeazul.gob.ar\\\/\",\"name\":\"Concejo deliberante de Azul\",\"description\":\"Sitio Web Oficial del Concejo Deliberante de Azul, Prov. de Buenos Aires - Conformado por 18 concejales de todo el partido.\",\"potentialAction\":[{\"@type\":\"SearchAction\",\"target\":{\"@type\":\"EntryPoint\",\"urlTemplate\":\"http:\\\/\\\/concejodeliberantedeazul.gob.ar\\\/?s={search_term_string}\"},\"query-input\":{\"@type\":\"PropertyValueSpecification\",\"valueRequired\":true,\"valueName\":\"search_term_string\"}}],\"inLanguage\":\"es-AR\"},{\"@type\":\"Person\",\"@id\":\"http:\\\/\\\/concejodeliberantedeazul.gob.ar\\\/#\\\/schema\\\/person\\\/65fd6514aee7c29f008fc53b206198fe\",\"name\":\"Concejo Deliberante Azul\",\"image\":{\"@type\":\"ImageObject\",\"inLanguage\":\"es-AR\",\"@id\":\"https:\\\/\\\/secure.gravatar.com\\\/avatar\\\/30d9ae907861b897be87a25469982f0cfbce09947e0998bf7d9d0ecab450fb85?s=96&d=mm&r=g\",\"url\":\"https:\\\/\\\/secure.gravatar.com\\\/avatar\\\/30d9ae907861b897be87a25469982f0cfbce09947e0998bf7d9d0ecab450fb85?s=96&d=mm&r=g\",\"contentUrl\":\"https:\\\/\\\/secure.gravatar.com\\\/avatar\\\/30d9ae907861b897be87a25469982f0cfbce09947e0998bf7d9d0ecab450fb85?s=96&d=mm&r=g\",\"caption\":\"Concejo Deliberante Azul\"},\"url\":\"http:\\\/\\\/concejodeliberantedeazul.gob.ar\\\/index.php\\\/author\\\/concejo\\\/\"}]}<\/script>\n<!-- \/ Yoast SEO plugin. -->","yoast_head_json":{"title":"D\u00e9cimo Segunda Sesi\u00f3n Ordinaria - Concejo deliberante de Azul","robots":{"index":"index","follow":"follow","max-snippet":"max-snippet:-1","max-image-preview":"max-image-preview:large","max-video-preview":"max-video-preview:-1"},"canonical":"http:\/\/concejodeliberantedeazul.gob.ar\/index.php\/2020\/08\/21\/decimo-segunda-sesion-ordinaria\/","og_locale":"es_ES","og_type":"article","og_title":"D\u00e9cimo Segunda Sesi\u00f3n Ordinaria - Concejo deliberante de Azul","og_description":"Este martes, 25 de Agosto, a las 18 horas, se celebrar\u00e1 la D\u00e9cimo Segunda Sesi\u00f3n Ordinaria, ejercicio 2020, del Concejo Deliberante del partido de Azul. El orden del d\u00eda cuenta con 21 puntos entre los que se destacan 2 expedientes elevados por el Intendente Municipal; 10 despachos de las diferentes Comisiones y 11 proyectos de [&hellip;]","og_url":"http:\/\/concejodeliberantedeazul.gob.ar\/index.php\/2020\/08\/21\/decimo-segunda-sesion-ordinaria\/","og_site_name":"Concejo deliberante de Azul","article_published_time":"2020-08-21T13:17:55+00:00","article_modified_time":"2020-08-21T13:48:27+00:00","og_image":[{"width":2560,"height":1920,"url":"http:\/\/concejodeliberantedeazul.gob.ar\/wp-content\/uploads\/2020\/08\/01-06-2020-Rendici\u00f3n-de-Cuentas-scaled.jpg","type":"image\/jpeg"}],"author":"Concejo Deliberante Azul","twitter_card":"summary_large_image","twitter_misc":{"Escrito por":"Concejo Deliberante Azul","Tiempo de lectura":"5 minutos"},"schema":{"@context":"https:\/\/schema.org","@graph":[{"@type":"Article","@id":"http:\/\/concejodeliberantedeazul.gob.ar\/index.php\/2020\/08\/21\/decimo-segunda-sesion-ordinaria\/#article","isPartOf":{"@id":"http:\/\/concejodeliberantedeazul.gob.ar\/index.php\/2020\/08\/21\/decimo-segunda-sesion-ordinaria\/"},"author":{"name":"Concejo Deliberante Azul","@id":"http:\/\/concejodeliberantedeazul.gob.ar\/#\/schema\/person\/65fd6514aee7c29f008fc53b206198fe"},"headline":"D\u00e9cimo Segunda Sesi\u00f3n Ordinaria","datePublished":"2020-08-21T13:17:55+00:00","dateModified":"2020-08-21T13:48:27+00:00","mainEntityOfPage":{"@id":"http:\/\/concejodeliberantedeazul.gob.ar\/index.php\/2020\/08\/21\/decimo-segunda-sesion-ordinaria\/"},"wordCount":1047,"commentCount":0,"image":{"@id":"http:\/\/concejodeliberantedeazul.gob.ar\/index.php\/2020\/08\/21\/decimo-segunda-sesion-ordinaria\/#primaryimage"},"thumbnailUrl":"http:\/\/concejodeliberantedeazul.gob.ar\/wp-content\/uploads\/2020\/08\/01-06-2020-Rendici\u00f3n-de-Cuentas-scaled.jpg","articleSection":["Noticias"],"inLanguage":"es-AR","potentialAction":[{"@type":"CommentAction","name":"Comment","target":["http:\/\/concejodeliberantedeazul.gob.ar\/index.php\/2020\/08\/21\/decimo-segunda-sesion-ordinaria\/#respond"]}]},{"@type":"WebPage","@id":"http:\/\/concejodeliberantedeazul.gob.ar\/index.php\/2020\/08\/21\/decimo-segunda-sesion-ordinaria\/","url":"http:\/\/concejodeliberantedeazul.gob.ar\/index.php\/2020\/08\/21\/decimo-segunda-sesion-ordinaria\/","name":"D\u00e9cimo Segunda Sesi\u00f3n Ordinaria - Concejo deliberante de Azul","isPartOf":{"@id":"http:\/\/concejodeliberantedeazul.gob.ar\/#website"},"primaryImageOfPage":{"@id":"http:\/\/concejodeliberantedeazul.gob.ar\/index.php\/2020\/08\/21\/decimo-segunda-sesion-ordinaria\/#primaryimage"},"image":{"@id":"http:\/\/concejodeliberantedeazul.gob.ar\/index.php\/2020\/08\/21\/decimo-segunda-sesion-ordinaria\/#primaryimage"},"thumbnailUrl":"http:\/\/concejodeliberantedeazul.gob.ar\/wp-content\/uploads\/2020\/08\/01-06-2020-Rendici\u00f3n-de-Cuentas-scaled.jpg","datePublished":"2020-08-21T13:17:55+00:00","dateModified":"2020-08-21T13:48:27+00:00","author":{"@id":"http:\/\/concejodeliberantedeazul.gob.ar\/#\/schema\/person\/65fd6514aee7c29f008fc53b206198fe"},"breadcrumb":{"@id":"http:\/\/concejodeliberantedeazul.gob.ar\/index.php\/2020\/08\/21\/decimo-segunda-sesion-ordinaria\/#breadcrumb"},"inLanguage":"es-AR","potentialAction":[{"@type":"ReadAction","target":["http:\/\/concejodeliberantedeazul.gob.ar\/index.php\/2020\/08\/21\/decimo-segunda-sesion-ordinaria\/"]}]},{"@type":"ImageObject","inLanguage":"es-AR","@id":"http:\/\/concejodeliberantedeazul.gob.ar\/index.php\/2020\/08\/21\/decimo-segunda-sesion-ordinaria\/#primaryimage","url":"http:\/\/concejodeliberantedeazul.gob.ar\/wp-content\/uploads\/2020\/08\/01-06-2020-Rendici\u00f3n-de-Cuentas-scaled.jpg","contentUrl":"http:\/\/concejodeliberantedeazul.gob.ar\/wp-content\/uploads\/2020\/08\/01-06-2020-Rendici\u00f3n-de-Cuentas-scaled.jpg","width":2560,"height":1920},{"@type":"BreadcrumbList","@id":"http:\/\/concejodeliberantedeazul.gob.ar\/index.php\/2020\/08\/21\/decimo-segunda-sesion-ordinaria\/#breadcrumb","itemListElement":[{"@type":"ListItem","position":1,"name":"Inicio","item":"https:\/\/concejodeliberantedeazul.gob.ar\/"},{"@type":"ListItem","position":2,"name":"D\u00e9cimo Segunda Sesi\u00f3n Ordinaria"}]},{"@type":"WebSite","@id":"http:\/\/concejodeliberantedeazul.gob.ar\/#website","url":"http:\/\/concejodeliberantedeazul.gob.ar\/","name":"Concejo deliberante de Azul","description":"Sitio Web Oficial del Concejo Deliberante de Azul, Prov. de Buenos Aires - Conformado por 18 concejales de todo el partido.","potentialAction":[{"@type":"SearchAction","target":{"@type":"EntryPoint","urlTemplate":"http:\/\/concejodeliberantedeazul.gob.ar\/?s={search_term_string}"},"query-input":{"@type":"PropertyValueSpecification","valueRequired":true,"valueName":"search_term_string"}}],"inLanguage":"es-AR"},{"@type":"Person","@id":"http:\/\/concejodeliberantedeazul.gob.ar\/#\/schema\/person\/65fd6514aee7c29f008fc53b206198fe","name":"Concejo Deliberante Azul","image":{"@type":"ImageObject","inLanguage":"es-AR","@id":"https:\/\/secure.gravatar.com\/avatar\/30d9ae907861b897be87a25469982f0cfbce09947e0998bf7d9d0ecab450fb85?s=96&d=mm&r=g","url":"https:\/\/secure.gravatar.com\/avatar\/30d9ae907861b897be87a25469982f0cfbce09947e0998bf7d9d0ecab450fb85?s=96&d=mm&r=g","contentUrl":"https:\/\/secure.gravatar.com\/avatar\/30d9ae907861b897be87a25469982f0cfbce09947e0998bf7d9d0ecab450fb85?s=96&d=mm&r=g","caption":"Concejo Deliberante Azul"},"url":"http:\/\/concejodeliberantedeazul.gob.ar\/index.php\/author\/concejo\/"}]}},"amp_enabled":true,"_links":{"self":[{"href":"http:\/\/concejodeliberantedeazul.gob.ar\/index.php\/wp-json\/wp\/v2\/posts\/1329","targetHints":{"allow":["GET"]}}],"collection":[{"href":"http:\/\/concejodeliberantedeazul.gob.ar\/index.php\/wp-json\/wp\/v2\/posts"}],"about":[{"href":"http:\/\/concejodeliberantedeazul.gob.ar\/index.php\/wp-json\/wp\/v2\/types\/post"}],"author":[{"embeddable":true,"href":"http:\/\/concejodeliberantedeazul.gob.ar\/index.php\/wp-json\/wp\/v2\/users\/2"}],"replies":[{"embeddable":true,"href":"http:\/\/concejodeliberantedeazul.gob.ar\/index.php\/wp-json\/wp\/v2\/comments?post=1329"}],"version-history":[{"count":1,"href":"http:\/\/concejodeliberantedeazul.gob.ar\/index.php\/wp-json\/wp\/v2\/posts\/1329\/revisions"}],"predecessor-version":[{"id":1330,"href":"http:\/\/concejodeliberantedeazul.gob.ar\/index.php\/wp-json\/wp\/v2\/posts\/1329\/revisions\/1330"}],"wp:featuredmedia":[{"embeddable":true,"href":"http:\/\/concejodeliberantedeazul.gob.ar\/index.php\/wp-json\/wp\/v2\/media\/1302"}],"wp:attachment":[{"href":"http:\/\/concejodeliberantedeazul.gob.ar\/index.php\/wp-json\/wp\/v2\/media?parent=1329"}],"wp:term":[{"taxonomy":"category","embeddable":true,"href":"http:\/\/concejodeliberantedeazul.gob.ar\/index.php\/wp-json\/wp\/v2\/categories?post=1329"},{"taxonomy":"post_tag","embeddable":true,"href":"http:\/\/concejodeliberantedeazul.gob.ar\/index.php\/wp-json\/wp\/v2\/tags?post=1329"}],"curies":[{"name":"wp","href":"https:\/\/api.w.org\/{rel}","templated":true}]}}