{"id":1080,"date":"2019-12-20T12:09:24","date_gmt":"2019-12-20T15:09:24","guid":{"rendered":"http:\/\/concejodeliberantedeazul.gob.ar\/?p=1080"},"modified":"2019-12-20T12:09:27","modified_gmt":"2019-12-20T15:09:27","slug":"el-concejo-deliberante-conformo-las-nuevas-comisiones-permanentes","status":"publish","type":"post","link":"http:\/\/concejodeliberantedeazul.gob.ar\/index.php\/2019\/12\/20\/el-concejo-deliberante-conformo-las-nuevas-comisiones-permanentes\/","title":{"rendered":"El Concejo Deliberante conform\u00f3 las nuevas Comisiones Permanentes"},"content":{"rendered":"\n<p>Mediante\nDecreto 805, y en virtud de la nueva conformaci\u00f3n, de cada uno de los bloques\nque componen el Concejo Deliberante se establecieron las nominaciones\nrespectivas a efectos de la integraci\u00f3n de las Comisiones Permanentes del\nCuerpo.<\/p>\n\n\n\n<p>Las\nmismas, quedaron conformadas de la siguiente manera: <\/p>\n\n\n\n<p><strong>Comisi\u00f3n de Presupuesto y Hacienda<\/strong><\/p>\n\n\n\n<p>Juan I. RAMPOLDI; Mar\u00eda In\u00e9s LAURINI; Pedro H. SOTTILE; Andrea P. FICCA y<\/p>\n\n\n\n<p>Nelson D. SOMBRA.<\/p>\n\n\n\n<p><strong>Comisi\u00f3n de Interpretaci\u00f3n,\nLegislaci\u00f3n y Seguridad P\u00fablica<\/strong><\/p>\n\n\n\n<p>Ramiro ORT\u00cdZ MASSEY; Paula CANEVELLO; Pedro H. SOTTILE; Mar\u00eda&nbsp; In\u00e9s LAURINI y &nbsp;<\/p>\n\n\n\n<p>Nelson D. SOMBRA. <\/p>\n\n\n\n<p><strong>Comisi\u00f3n de Obras P\u00fablicas,\nVialidad y Transporte<\/strong><\/p>\n\n\n\n<p>Andrea P. FICCA; Jos\u00e9 N. CARTOLANO; Claudio J. MOLINA; Juan I. RAMPOLDI y <\/p>\n\n\n\n<p>Mar\u00eda Cecilia MART\u00cdNEZ. <\/p>\n\n\n\n<p><strong>Comisi\u00f3n de Salud P\u00fablica y Medio\nAmbiente<\/strong><\/p>\n\n\n\n<p>Ramiro ORT\u00cdZ MASSEY; Nelson D. SOMBRA; Joaqu\u00edn C. A. PROPATO; Ver\u00f3nica V. CRISAFULLI\ny Marcos J. TUR\u00d3N.<\/p>\n\n\n\n<p><strong>Comisi\u00f3n de Acci\u00f3n Social,\nCultura y Educaci\u00f3n<\/strong><\/p>\n\n\n\n<p>Marcos J. TUR\u00d3N; Marisabel B. ROMAY; Ver\u00f3nica V. CRISAFULLI; Mar\u00eda Cecilia MART\u00cdNEZ\ny Silvio R. SANTILL\u00c1N.&nbsp; <\/p>\n\n\n\n<p><strong>Comisi\u00f3n de Producci\u00f3n,\nDesarrollo y Asuntos Agropecuarios<\/strong><\/p>\n\n\n\n<p>Marcos J. TUR\u00d3N; Jos\u00e9 N. CARTOLANO; Claudio J. MOLINA; Ignacio G. LABORDA y<\/p>\n\n\n\n<p>Graciela I. BILELLO.<\/p>\n\n\n\n<p><strong>Comisi\u00f3n de Derechos Humanos<\/strong><\/p>\n\n\n\n<p>Paula CANEVELLO; Andrea P. FICCA; Marisabel B. ROMAY; Joaqu\u00edn C. A. PROPATO\ny<\/p>\n\n\n\n<p>Silvio R. SANTILL\u00c1N. <\/p>\n\n\n\n<p><strong>Comisi\u00f3n de G\u00e9nero y Diversidad<\/strong><\/p>\n\n\n\n<p>Marisabel B. ROMAY; Juan I. RAMPOLDI; Paula CANEVELLO; Mar\u00eda Cecilia MART\u00cdNEZ\ny Graciela I. BILELLO.<\/p>\n\n\n\n<p><strong>Comisi\u00f3n de Homenajes<\/strong><\/p>\n\n\n\n<p>Pedro H. SOTTILE; Nelson D. SOMBRA y Claudio J. MOLINA.<\/p>\n\n\n\n<p>Cabe destacar, que la integraci\u00f3n de las Comisiones Permanentes quedar\u00e1 convalidada\nen la primera sesi\u00f3n, momento en que el que determinar\u00e1n las Presidencias y\nVicepresidencias de las mismas, como as\u00ed tambi\u00e9n, d\u00eda y horario de reuni\u00f3n. <\/p>\n","protected":false},"excerpt":{"rendered":"<p>Mediante Decreto 805, y en virtud de la nueva conformaci\u00f3n, de cada uno de los bloques que componen el Concejo Deliberante se establecieron las nominaciones respectivas a efectos de la integraci\u00f3n de las Comisiones Permanentes del Cuerpo. Las mismas, quedaron conformadas de la siguiente manera: Comisi\u00f3n de Presupuesto y Hacienda Juan I. RAMPOLDI; Mar\u00eda In\u00e9s [&hellip;]<\/p>\n","protected":false},"author":2,"featured_media":1081,"comment_status":"open","ping_status":"open","sticky":false,"template":"","format":"standard","meta":{"tdm_status":"","tdm_grid_status":"","footnotes":""},"categories":[7],"tags":[],"class_list":{"0":"post-1080","1":"post","2":"type-post","3":"status-publish","4":"format-standard","5":"has-post-thumbnail","7":"category-noticias"},"yoast_head":"<!-- This site is optimized with the Yoast SEO plugin v27.3 - https:\/\/yoast.com\/product\/yoast-seo-wordpress\/ -->\n<title>El Concejo Deliberante conform\u00f3 las nuevas Comisiones Permanentes - Concejo deliberante de Azul<\/title>\n<meta name=\"robots\" content=\"index, follow, max-snippet:-1, max-image-preview:large, max-video-preview:-1\" \/>\n<link rel=\"canonical\" href=\"https:\/\/concejodeliberantedeazul.gob.ar\/index.php\/2019\/12\/20\/el-concejo-deliberante-conformo-las-nuevas-comisiones-permanentes\/\" \/>\n<meta property=\"og:locale\" content=\"es_ES\" \/>\n<meta property=\"og:type\" content=\"article\" \/>\n<meta property=\"og:title\" content=\"El Concejo Deliberante conform\u00f3 las nuevas Comisiones Permanentes - Concejo deliberante de Azul\" \/>\n<meta property=\"og:description\" content=\"Mediante Decreto 805, y en virtud de la nueva conformaci\u00f3n, de cada uno de los bloques que componen el Concejo Deliberante se establecieron las nominaciones respectivas a efectos de la integraci\u00f3n de las Comisiones Permanentes del Cuerpo. Las mismas, quedaron conformadas de la siguiente manera: Comisi\u00f3n de Presupuesto y Hacienda Juan I. RAMPOLDI; Mar\u00eda In\u00e9s [&hellip;]\" \/>\n<meta property=\"og:url\" content=\"https:\/\/concejodeliberantedeazul.gob.ar\/index.php\/2019\/12\/20\/el-concejo-deliberante-conformo-las-nuevas-comisiones-permanentes\/\" \/>\n<meta property=\"og:site_name\" content=\"Concejo deliberante de Azul\" \/>\n<meta property=\"article:published_time\" content=\"2019-12-20T15:09:24+00:00\" \/>\n<meta property=\"article:modified_time\" content=\"2019-12-20T15:09:27+00:00\" \/>\n<meta property=\"og:image\" content=\"http:\/\/concejodeliberantedeazul.gob.ar\/wp-content\/uploads\/2019\/12\/IMG_20191220_112503007-scaled.jpg\" \/>\n\t<meta property=\"og:image:width\" content=\"2560\" \/>\n\t<meta property=\"og:image:height\" content=\"1920\" \/>\n\t<meta property=\"og:image:type\" content=\"image\/jpeg\" \/>\n<meta name=\"author\" content=\"Concejo Deliberante Azul\" \/>\n<meta name=\"twitter:card\" content=\"summary_large_image\" \/>\n<meta name=\"twitter:label1\" content=\"Escrito por\" \/>\n\t<meta name=\"twitter:data1\" content=\"Concejo Deliberante Azul\" \/>\n\t<meta name=\"twitter:label2\" content=\"Tiempo de lectura\" \/>\n\t<meta name=\"twitter:data2\" content=\"2 minutos\" \/>\n<script type=\"application\/ld+json\" class=\"yoast-schema-graph\">{\"@context\":\"https:\\\/\\\/schema.org\",\"@graph\":[{\"@type\":\"Article\",\"@id\":\"https:\\\/\\\/concejodeliberantedeazul.gob.ar\\\/index.php\\\/2019\\\/12\\\/20\\\/el-concejo-deliberante-conformo-las-nuevas-comisiones-permanentes\\\/#article\",\"isPartOf\":{\"@id\":\"https:\\\/\\\/concejodeliberantedeazul.gob.ar\\\/index.php\\\/2019\\\/12\\\/20\\\/el-concejo-deliberante-conformo-las-nuevas-comisiones-permanentes\\\/\"},\"author\":{\"name\":\"Concejo Deliberante Azul\",\"@id\":\"http:\\\/\\\/concejodeliberantedeazul.gob.ar\\\/#\\\/schema\\\/person\\\/65fd6514aee7c29f008fc53b206198fe\"},\"headline\":\"El Concejo Deliberante conform\u00f3 las nuevas Comisiones Permanentes\",\"datePublished\":\"2019-12-20T15:09:24+00:00\",\"dateModified\":\"2019-12-20T15:09:27+00:00\",\"mainEntityOfPage\":{\"@id\":\"https:\\\/\\\/concejodeliberantedeazul.gob.ar\\\/index.php\\\/2019\\\/12\\\/20\\\/el-concejo-deliberante-conformo-las-nuevas-comisiones-permanentes\\\/\"},\"wordCount\":327,\"commentCount\":0,\"image\":{\"@id\":\"https:\\\/\\\/concejodeliberantedeazul.gob.ar\\\/index.php\\\/2019\\\/12\\\/20\\\/el-concejo-deliberante-conformo-las-nuevas-comisiones-permanentes\\\/#primaryimage\"},\"thumbnailUrl\":\"http:\\\/\\\/concejodeliberantedeazul.gob.ar\\\/wp-content\\\/uploads\\\/2019\\\/12\\\/IMG_20191220_112503007-scaled.jpg\",\"articleSection\":[\"Noticias\"],\"inLanguage\":\"es-AR\",\"potentialAction\":[{\"@type\":\"CommentAction\",\"name\":\"Comment\",\"target\":[\"https:\\\/\\\/concejodeliberantedeazul.gob.ar\\\/index.php\\\/2019\\\/12\\\/20\\\/el-concejo-deliberante-conformo-las-nuevas-comisiones-permanentes\\\/#respond\"]}]},{\"@type\":\"WebPage\",\"@id\":\"https:\\\/\\\/concejodeliberantedeazul.gob.ar\\\/index.php\\\/2019\\\/12\\\/20\\\/el-concejo-deliberante-conformo-las-nuevas-comisiones-permanentes\\\/\",\"url\":\"https:\\\/\\\/concejodeliberantedeazul.gob.ar\\\/index.php\\\/2019\\\/12\\\/20\\\/el-concejo-deliberante-conformo-las-nuevas-comisiones-permanentes\\\/\",\"name\":\"El Concejo Deliberante conform\u00f3 las nuevas Comisiones Permanentes - Concejo deliberante de Azul\",\"isPartOf\":{\"@id\":\"http:\\\/\\\/concejodeliberantedeazul.gob.ar\\\/#website\"},\"primaryImageOfPage\":{\"@id\":\"https:\\\/\\\/concejodeliberantedeazul.gob.ar\\\/index.php\\\/2019\\\/12\\\/20\\\/el-concejo-deliberante-conformo-las-nuevas-comisiones-permanentes\\\/#primaryimage\"},\"image\":{\"@id\":\"https:\\\/\\\/concejodeliberantedeazul.gob.ar\\\/index.php\\\/2019\\\/12\\\/20\\\/el-concejo-deliberante-conformo-las-nuevas-comisiones-permanentes\\\/#primaryimage\"},\"thumbnailUrl\":\"http:\\\/\\\/concejodeliberantedeazul.gob.ar\\\/wp-content\\\/uploads\\\/2019\\\/12\\\/IMG_20191220_112503007-scaled.jpg\",\"datePublished\":\"2019-12-20T15:09:24+00:00\",\"dateModified\":\"2019-12-20T15:09:27+00:00\",\"author\":{\"@id\":\"http:\\\/\\\/concejodeliberantedeazul.gob.ar\\\/#\\\/schema\\\/person\\\/65fd6514aee7c29f008fc53b206198fe\"},\"breadcrumb\":{\"@id\":\"https:\\\/\\\/concejodeliberantedeazul.gob.ar\\\/index.php\\\/2019\\\/12\\\/20\\\/el-concejo-deliberante-conformo-las-nuevas-comisiones-permanentes\\\/#breadcrumb\"},\"inLanguage\":\"es-AR\",\"potentialAction\":[{\"@type\":\"ReadAction\",\"target\":[\"https:\\\/\\\/concejodeliberantedeazul.gob.ar\\\/index.php\\\/2019\\\/12\\\/20\\\/el-concejo-deliberante-conformo-las-nuevas-comisiones-permanentes\\\/\"]}]},{\"@type\":\"ImageObject\",\"inLanguage\":\"es-AR\",\"@id\":\"https:\\\/\\\/concejodeliberantedeazul.gob.ar\\\/index.php\\\/2019\\\/12\\\/20\\\/el-concejo-deliberante-conformo-las-nuevas-comisiones-permanentes\\\/#primaryimage\",\"url\":\"http:\\\/\\\/concejodeliberantedeazul.gob.ar\\\/wp-content\\\/uploads\\\/2019\\\/12\\\/IMG_20191220_112503007-scaled.jpg\",\"contentUrl\":\"http:\\\/\\\/concejodeliberantedeazul.gob.ar\\\/wp-content\\\/uploads\\\/2019\\\/12\\\/IMG_20191220_112503007-scaled.jpg\",\"width\":2560,\"height\":1920},{\"@type\":\"BreadcrumbList\",\"@id\":\"https:\\\/\\\/concejodeliberantedeazul.gob.ar\\\/index.php\\\/2019\\\/12\\\/20\\\/el-concejo-deliberante-conformo-las-nuevas-comisiones-permanentes\\\/#breadcrumb\",\"itemListElement\":[{\"@type\":\"ListItem\",\"position\":1,\"name\":\"Inicio\",\"item\":\"https:\\\/\\\/concejodeliberantedeazul.gob.ar\\\/\"},{\"@type\":\"ListItem\",\"position\":2,\"name\":\"El Concejo Deliberante conform\u00f3 las nuevas Comisiones Permanentes\"}]},{\"@type\":\"WebSite\",\"@id\":\"http:\\\/\\\/concejodeliberantedeazul.gob.ar\\\/#website\",\"url\":\"http:\\\/\\\/concejodeliberantedeazul.gob.ar\\\/\",\"name\":\"Concejo deliberante de Azul\",\"description\":\"Sitio Web Oficial del Concejo Deliberante de Azul, Prov. de Buenos Aires - Conformado por 18 concejales de todo el partido.\",\"potentialAction\":[{\"@type\":\"SearchAction\",\"target\":{\"@type\":\"EntryPoint\",\"urlTemplate\":\"http:\\\/\\\/concejodeliberantedeazul.gob.ar\\\/?s={search_term_string}\"},\"query-input\":{\"@type\":\"PropertyValueSpecification\",\"valueRequired\":true,\"valueName\":\"search_term_string\"}}],\"inLanguage\":\"es-AR\"},{\"@type\":\"Person\",\"@id\":\"http:\\\/\\\/concejodeliberantedeazul.gob.ar\\\/#\\\/schema\\\/person\\\/65fd6514aee7c29f008fc53b206198fe\",\"name\":\"Concejo Deliberante Azul\",\"image\":{\"@type\":\"ImageObject\",\"inLanguage\":\"es-AR\",\"@id\":\"https:\\\/\\\/secure.gravatar.com\\\/avatar\\\/30d9ae907861b897be87a25469982f0cfbce09947e0998bf7d9d0ecab450fb85?s=96&d=mm&r=g\",\"url\":\"https:\\\/\\\/secure.gravatar.com\\\/avatar\\\/30d9ae907861b897be87a25469982f0cfbce09947e0998bf7d9d0ecab450fb85?s=96&d=mm&r=g\",\"contentUrl\":\"https:\\\/\\\/secure.gravatar.com\\\/avatar\\\/30d9ae907861b897be87a25469982f0cfbce09947e0998bf7d9d0ecab450fb85?s=96&d=mm&r=g\",\"caption\":\"Concejo Deliberante Azul\"},\"url\":\"http:\\\/\\\/concejodeliberantedeazul.gob.ar\\\/index.php\\\/author\\\/concejo\\\/\"}]}<\/script>\n<!-- \/ Yoast SEO plugin. -->","yoast_head_json":{"title":"El Concejo Deliberante conform\u00f3 las nuevas Comisiones Permanentes - Concejo deliberante de Azul","robots":{"index":"index","follow":"follow","max-snippet":"max-snippet:-1","max-image-preview":"max-image-preview:large","max-video-preview":"max-video-preview:-1"},"canonical":"https:\/\/concejodeliberantedeazul.gob.ar\/index.php\/2019\/12\/20\/el-concejo-deliberante-conformo-las-nuevas-comisiones-permanentes\/","og_locale":"es_ES","og_type":"article","og_title":"El Concejo Deliberante conform\u00f3 las nuevas Comisiones Permanentes - Concejo deliberante de Azul","og_description":"Mediante Decreto 805, y en virtud de la nueva conformaci\u00f3n, de cada uno de los bloques que componen el Concejo Deliberante se establecieron las nominaciones respectivas a efectos de la integraci\u00f3n de las Comisiones Permanentes del Cuerpo. Las mismas, quedaron conformadas de la siguiente manera: Comisi\u00f3n de Presupuesto y Hacienda Juan I. RAMPOLDI; Mar\u00eda In\u00e9s [&hellip;]","og_url":"https:\/\/concejodeliberantedeazul.gob.ar\/index.php\/2019\/12\/20\/el-concejo-deliberante-conformo-las-nuevas-comisiones-permanentes\/","og_site_name":"Concejo deliberante de Azul","article_published_time":"2019-12-20T15:09:24+00:00","article_modified_time":"2019-12-20T15:09:27+00:00","og_image":[{"width":2560,"height":1920,"url":"http:\/\/concejodeliberantedeazul.gob.ar\/wp-content\/uploads\/2019\/12\/IMG_20191220_112503007-scaled.jpg","type":"image\/jpeg"}],"author":"Concejo Deliberante Azul","twitter_card":"summary_large_image","twitter_misc":{"Escrito por":"Concejo Deliberante Azul","Tiempo de lectura":"2 minutos"},"schema":{"@context":"https:\/\/schema.org","@graph":[{"@type":"Article","@id":"https:\/\/concejodeliberantedeazul.gob.ar\/index.php\/2019\/12\/20\/el-concejo-deliberante-conformo-las-nuevas-comisiones-permanentes\/#article","isPartOf":{"@id":"https:\/\/concejodeliberantedeazul.gob.ar\/index.php\/2019\/12\/20\/el-concejo-deliberante-conformo-las-nuevas-comisiones-permanentes\/"},"author":{"name":"Concejo Deliberante Azul","@id":"http:\/\/concejodeliberantedeazul.gob.ar\/#\/schema\/person\/65fd6514aee7c29f008fc53b206198fe"},"headline":"El Concejo Deliberante conform\u00f3 las nuevas Comisiones Permanentes","datePublished":"2019-12-20T15:09:24+00:00","dateModified":"2019-12-20T15:09:27+00:00","mainEntityOfPage":{"@id":"https:\/\/concejodeliberantedeazul.gob.ar\/index.php\/2019\/12\/20\/el-concejo-deliberante-conformo-las-nuevas-comisiones-permanentes\/"},"wordCount":327,"commentCount":0,"image":{"@id":"https:\/\/concejodeliberantedeazul.gob.ar\/index.php\/2019\/12\/20\/el-concejo-deliberante-conformo-las-nuevas-comisiones-permanentes\/#primaryimage"},"thumbnailUrl":"http:\/\/concejodeliberantedeazul.gob.ar\/wp-content\/uploads\/2019\/12\/IMG_20191220_112503007-scaled.jpg","articleSection":["Noticias"],"inLanguage":"es-AR","potentialAction":[{"@type":"CommentAction","name":"Comment","target":["https:\/\/concejodeliberantedeazul.gob.ar\/index.php\/2019\/12\/20\/el-concejo-deliberante-conformo-las-nuevas-comisiones-permanentes\/#respond"]}]},{"@type":"WebPage","@id":"https:\/\/concejodeliberantedeazul.gob.ar\/index.php\/2019\/12\/20\/el-concejo-deliberante-conformo-las-nuevas-comisiones-permanentes\/","url":"https:\/\/concejodeliberantedeazul.gob.ar\/index.php\/2019\/12\/20\/el-concejo-deliberante-conformo-las-nuevas-comisiones-permanentes\/","name":"El Concejo Deliberante conform\u00f3 las nuevas Comisiones Permanentes - Concejo deliberante de Azul","isPartOf":{"@id":"http:\/\/concejodeliberantedeazul.gob.ar\/#website"},"primaryImageOfPage":{"@id":"https:\/\/concejodeliberantedeazul.gob.ar\/index.php\/2019\/12\/20\/el-concejo-deliberante-conformo-las-nuevas-comisiones-permanentes\/#primaryimage"},"image":{"@id":"https:\/\/concejodeliberantedeazul.gob.ar\/index.php\/2019\/12\/20\/el-concejo-deliberante-conformo-las-nuevas-comisiones-permanentes\/#primaryimage"},"thumbnailUrl":"http:\/\/concejodeliberantedeazul.gob.ar\/wp-content\/uploads\/2019\/12\/IMG_20191220_112503007-scaled.jpg","datePublished":"2019-12-20T15:09:24+00:00","dateModified":"2019-12-20T15:09:27+00:00","author":{"@id":"http:\/\/concejodeliberantedeazul.gob.ar\/#\/schema\/person\/65fd6514aee7c29f008fc53b206198fe"},"breadcrumb":{"@id":"https:\/\/concejodeliberantedeazul.gob.ar\/index.php\/2019\/12\/20\/el-concejo-deliberante-conformo-las-nuevas-comisiones-permanentes\/#breadcrumb"},"inLanguage":"es-AR","potentialAction":[{"@type":"ReadAction","target":["https:\/\/concejodeliberantedeazul.gob.ar\/index.php\/2019\/12\/20\/el-concejo-deliberante-conformo-las-nuevas-comisiones-permanentes\/"]}]},{"@type":"ImageObject","inLanguage":"es-AR","@id":"https:\/\/concejodeliberantedeazul.gob.ar\/index.php\/2019\/12\/20\/el-concejo-deliberante-conformo-las-nuevas-comisiones-permanentes\/#primaryimage","url":"http:\/\/concejodeliberantedeazul.gob.ar\/wp-content\/uploads\/2019\/12\/IMG_20191220_112503007-scaled.jpg","contentUrl":"http:\/\/concejodeliberantedeazul.gob.ar\/wp-content\/uploads\/2019\/12\/IMG_20191220_112503007-scaled.jpg","width":2560,"height":1920},{"@type":"BreadcrumbList","@id":"https:\/\/concejodeliberantedeazul.gob.ar\/index.php\/2019\/12\/20\/el-concejo-deliberante-conformo-las-nuevas-comisiones-permanentes\/#breadcrumb","itemListElement":[{"@type":"ListItem","position":1,"name":"Inicio","item":"https:\/\/concejodeliberantedeazul.gob.ar\/"},{"@type":"ListItem","position":2,"name":"El Concejo Deliberante conform\u00f3 las nuevas Comisiones Permanentes"}]},{"@type":"WebSite","@id":"http:\/\/concejodeliberantedeazul.gob.ar\/#website","url":"http:\/\/concejodeliberantedeazul.gob.ar\/","name":"Concejo deliberante de Azul","description":"Sitio Web Oficial del Concejo Deliberante de Azul, Prov. de Buenos Aires - Conformado por 18 concejales de todo el partido.","potentialAction":[{"@type":"SearchAction","target":{"@type":"EntryPoint","urlTemplate":"http:\/\/concejodeliberantedeazul.gob.ar\/?s={search_term_string}"},"query-input":{"@type":"PropertyValueSpecification","valueRequired":true,"valueName":"search_term_string"}}],"inLanguage":"es-AR"},{"@type":"Person","@id":"http:\/\/concejodeliberantedeazul.gob.ar\/#\/schema\/person\/65fd6514aee7c29f008fc53b206198fe","name":"Concejo Deliberante Azul","image":{"@type":"ImageObject","inLanguage":"es-AR","@id":"https:\/\/secure.gravatar.com\/avatar\/30d9ae907861b897be87a25469982f0cfbce09947e0998bf7d9d0ecab450fb85?s=96&d=mm&r=g","url":"https:\/\/secure.gravatar.com\/avatar\/30d9ae907861b897be87a25469982f0cfbce09947e0998bf7d9d0ecab450fb85?s=96&d=mm&r=g","contentUrl":"https:\/\/secure.gravatar.com\/avatar\/30d9ae907861b897be87a25469982f0cfbce09947e0998bf7d9d0ecab450fb85?s=96&d=mm&r=g","caption":"Concejo Deliberante Azul"},"url":"http:\/\/concejodeliberantedeazul.gob.ar\/index.php\/author\/concejo\/"}]}},"amp_enabled":true,"_links":{"self":[{"href":"http:\/\/concejodeliberantedeazul.gob.ar\/index.php\/wp-json\/wp\/v2\/posts\/1080","targetHints":{"allow":["GET"]}}],"collection":[{"href":"http:\/\/concejodeliberantedeazul.gob.ar\/index.php\/wp-json\/wp\/v2\/posts"}],"about":[{"href":"http:\/\/concejodeliberantedeazul.gob.ar\/index.php\/wp-json\/wp\/v2\/types\/post"}],"author":[{"embeddable":true,"href":"http:\/\/concejodeliberantedeazul.gob.ar\/index.php\/wp-json\/wp\/v2\/users\/2"}],"replies":[{"embeddable":true,"href":"http:\/\/concejodeliberantedeazul.gob.ar\/index.php\/wp-json\/wp\/v2\/comments?post=1080"}],"version-history":[{"count":1,"href":"http:\/\/concejodeliberantedeazul.gob.ar\/index.php\/wp-json\/wp\/v2\/posts\/1080\/revisions"}],"predecessor-version":[{"id":1082,"href":"http:\/\/concejodeliberantedeazul.gob.ar\/index.php\/wp-json\/wp\/v2\/posts\/1080\/revisions\/1082"}],"wp:featuredmedia":[{"embeddable":true,"href":"http:\/\/concejodeliberantedeazul.gob.ar\/index.php\/wp-json\/wp\/v2\/media\/1081"}],"wp:attachment":[{"href":"http:\/\/concejodeliberantedeazul.gob.ar\/index.php\/wp-json\/wp\/v2\/media?parent=1080"}],"wp:term":[{"taxonomy":"category","embeddable":true,"href":"http:\/\/concejodeliberantedeazul.gob.ar\/index.php\/wp-json\/wp\/v2\/categories?post=1080"},{"taxonomy":"post_tag","embeddable":true,"href":"http:\/\/concejodeliberantedeazul.gob.ar\/index.php\/wp-json\/wp\/v2\/tags?post=1080"}],"curies":[{"name":"wp","href":"https:\/\/api.w.org\/{rel}","templated":true}]}}